{"id":1403,"date":"2021-06-11T14:28:00","date_gmt":"2021-06-11T17:28:00","guid":{"rendered":"https:\/\/prefeitura.santarosa.rs.gov.br\/?p=1403"},"modified":"2024-10-07T09:55:02","modified_gmt":"2024-10-07T12:55:02","slug":"nova-faixa-etaria-para-vacinacao-contra-a-covid-19-2","status":"publish","type":"post","link":"https:\/\/prefeitura.santarosa.rs.gov.br\/?p=1403","title":{"rendered":"Nova faixa et\u00e1ria para vacina\u00e7\u00e3o contra a COVID-19"},"content":{"rendered":"\n<p>O atendimento ser\u00e1 mediante agendamento pr\u00e9vio por telefone ou presencial.<\/p>\n\n\n\n<p>Est\u00e1 previsto para hoje \u00e0 tarde (11), a chegada de 2.248 novas doses para D1 (Dose Um) em Santa Rosa. Na segunda-feira (14), ser\u00e1 ampliada a vacina\u00e7\u00e3o. Ser\u00e3o vacinadas pessoas a partir de 51 anos.<\/p>\n\n\n\n<p>A aplica\u00e7\u00e3o das doses ser\u00e1 feita em todas as Unidades B\u00e1sicas de Sa\u00fade. O atendimento ser\u00e1 mediante agendamento pr\u00e9vio por telefone ou presencial. Todos que forem se vacinar precisam levar documento com foto e se poss\u00edvel caderneta de vacina\u00e7\u00e3o.<\/p>\n\n\n\n<p>Santa Rosa j\u00e1 aplicou at\u00e9 o momento, 35.044 doses. Do total, 25.311 foram de primeira dose (D1), o que representa 1\/3 da popula\u00e7\u00e3o do munic\u00edpio e 9.733 de segunda dose (D2).<\/p>\n\n\n\n<ul class=\"wp-block-list\"><li>Importante: Pessoas que se vacinaram contra a Influenza (GRIPE) precisam aguardar o prazo de 14 dias para poder receber a vacina contra a COVID-19<\/li><\/ul>\n","protected":false},"excerpt":{"rendered":"<p>O atendimento ser\u00e1 mediante agendamento pr\u00e9vio por telefone ou presencial. Est\u00e1 previsto para hoje \u00e0 tarde (11), a chegada de<\/p>\n","protected":false},"author":3,"featured_media":1404,"comment_status":"open","ping_status":"open","sticky":false,"template":"","format":"standard","meta":{"footnotes":""},"categories":[6,4,8],"tags":[],"class_list":["post-1403","post","type-post","status-publish","format-standard","has-post-thumbnail","hentry","category-covid-19","category-noticias","category-noticias-fumssar"],"aioseo_notices":[],"_links":{"self":[{"href":"https:\/\/prefeitura.santarosa.rs.gov.br\/index.php?rest_route=\/wp\/v2\/posts\/1403","targetHints":{"allow":["GET"]}}],"collection":[{"href":"https:\/\/prefeitura.santarosa.rs.gov.br\/index.php?rest_route=\/wp\/v2\/posts"}],"about":[{"href":"https:\/\/prefeitura.santarosa.rs.gov.br\/index.php?rest_route=\/wp\/v2\/types\/post"}],"author":[{"embeddable":true,"href":"https:\/\/prefeitura.santarosa.rs.gov.br\/index.php?rest_route=\/wp\/v2\/users\/3"}],"replies":[{"embeddable":true,"href":"https:\/\/prefeitura.santarosa.rs.gov.br\/index.php?rest_route=%2Fwp%2Fv2%2Fcomments&post=1403"}],"version-history":[{"count":1,"href":"https:\/\/prefeitura.santarosa.rs.gov.br\/index.php?rest_route=\/wp\/v2\/posts\/1403\/revisions"}],"predecessor-version":[{"id":1405,"href":"https:\/\/prefeitura.santarosa.rs.gov.br\/index.php?rest_route=\/wp\/v2\/posts\/1403\/revisions\/1405"}],"wp:featuredmedia":[{"embeddable":true,"href":"https:\/\/prefeitura.santarosa.rs.gov.br\/index.php?rest_route=\/wp\/v2\/media\/1404"}],"wp:attachment":[{"href":"https:\/\/prefeitura.santarosa.rs.gov.br\/index.php?rest_route=%2Fwp%2Fv2%2Fmedia&parent=1403"}],"wp:term":[{"taxonomy":"category","embeddable":true,"href":"https:\/\/prefeitura.santarosa.rs.gov.br\/index.php?rest_route=%2Fwp%2Fv2%2Fcategories&post=1403"},{"taxonomy":"post_tag","embeddable":true,"href":"https:\/\/prefeitura.santarosa.rs.gov.br\/index.php?rest_route=%2Fwp%2Fv2%2Ftags&post=1403"}],"curies":[{"name":"wp","href":"https:\/\/api.w.org\/{rel}","templated":true}]}}