{"id":14025,"date":"2025-05-23T11:26:11","date_gmt":"2025-05-23T14:26:11","guid":{"rendered":"https:\/\/prefeitura.santarosa.rs.gov.br\/?p=14025"},"modified":"2025-05-23T11:26:23","modified_gmt":"2025-05-23T14:26:23","slug":"ubs-julio-de-oliveira-inicia-novo-ciclo-do-grupo-saude-na-pratica-com-foco-em-criancas-e-familias","status":"publish","type":"post","link":"https:\/\/prefeitura.santarosa.rs.gov.br\/?p=14025","title":{"rendered":"UBS J\u00falio de Oliveira inicia novo ciclo do Grupo Sa\u00fade na Pr\u00e1tica com foco em crian\u00e7as e fam\u00edlias"},"content":{"rendered":"\n<figure class=\"wp-block-image size-full\"><img fetchpriority=\"high\" decoding=\"async\" width=\"860\" height=\"645\" src=\"https:\/\/prefeitura.santarosa.rs.gov.br\/wp-content\/uploads\/2025\/05\/Formato-Site-e-Portal-860X645-JPG-2025-05-23T112435.446.jpg\" alt=\"\" class=\"wp-image-14026\" srcset=\"https:\/\/prefeitura.santarosa.rs.gov.br\/wp-content\/uploads\/2025\/05\/Formato-Site-e-Portal-860X645-JPG-2025-05-23T112435.446.jpg 860w, https:\/\/prefeitura.santarosa.rs.gov.br\/wp-content\/uploads\/2025\/05\/Formato-Site-e-Portal-860X645-JPG-2025-05-23T112435.446-300x225.jpg 300w, https:\/\/prefeitura.santarosa.rs.gov.br\/wp-content\/uploads\/2025\/05\/Formato-Site-e-Portal-860X645-JPG-2025-05-23T112435.446-768x576.jpg 768w\" sizes=\"(max-width: 860px) 100vw, 860px\" \/><\/figure>\n\n\n\n<p>Nesta quinta-feira (22), a equipe da Unidade B\u00e1sica de Sa\u00fade J\u00falio de Oliveira deu in\u00edcio a um novo ciclo do Grupo Sa\u00fade na Pr\u00e1tica, com a realiza\u00e7\u00e3o do primeiro encontro de pais e respons\u00e1veis. A atividade acontece em parceria com o Programa de Resid\u00eancia Multiprofissional em Sa\u00fade da Fam\u00edlia UNIJU\u00cd\/FUMSSAR. O principal objetivo do projeto \u00e9 promover o crescimento saud\u00e1vel de crian\u00e7as a partir da conscientiza\u00e7\u00e3o de toda a fam\u00edlia.<\/p>\n\n\n\n<p>Durante o encontro, foram apresentadas as propostas do grupo, com \u00eanfase na import\u00e2ncia da alimenta\u00e7\u00e3o adequada, pr\u00e1ticas corporais, sa\u00fade mental, redu\u00e7\u00e3o do uso excessivo de telas e combate ao sedentarismo. Tamb\u00e9m foram abordados temas como obesidade infantil e suas poss\u00edveis complica\u00e7\u00f5es futuras, al\u00e9m da influ\u00eancia fundamental que a fam\u00edlia exerce na forma\u00e7\u00e3o de h\u00e1bitos saud\u00e1veis. A Coordenadora da UBS J\u00falio de Oliveira, Lenita Dalcin, enfatizou que o grupo ir\u00e1 contar com dois encontros mensais at\u00e9 outubro, envolvendo profissionais de diversas \u00e1reas da sa\u00fade, &#8220;Nosso foco \u00e9 trabalhar com as crian\u00e7as e suas fam\u00edlias desde cedo, promovendo o cuidado integral e a educa\u00e7\u00e3o em sa\u00fade por meio de atividades l\u00fadicas e interativas&#8221;.<\/p>\n\n\n\n<p>A primeira etapa do encontro foi dedicada a entrevistas com os respons\u00e1veis, com o objetivo de compreender os h\u00e1bitos de vida de cada crian\u00e7a. A partir dessas informa\u00e7\u00f5es, ser\u00e3o estruturadas as pr\u00f3ximas atividades do grupo, que envolver\u00e1 profissionais como nutricionistas, psic\u00f3logos, educadores f\u00edsicos, m\u00e9dicos, enfermeiros, farmac\u00eauticos e Agentes Comunit\u00e1rios de Sa\u00fade. Segundo o Presidente da FUMSSAR, D\u00e9lcio Stefan, \u201cA\u00e7\u00f5es como essa s\u00e3o essenciais para transformar a realidade das comunidades. O trabalho conjunto entre a aten\u00e7\u00e3o b\u00e1sica e os programas de resid\u00eancia fortalece o SUS e proporciona interven\u00e7\u00f5es de grande impacto na vida das pessoas, especialmente das crian\u00e7as\u201d.<\/p>\n\n\n\n<p>Ao final do ciclo, ser\u00e1 realizado um novo encontro com os pais para avaliar a evolu\u00e7\u00e3o das crian\u00e7as e o impacto das a\u00e7\u00f5es promovidas. A expectativa da equipe \u00e9 de que a iniciativa contribua significativamente para a melhoria da sa\u00fade infantil e para o fortalecimento dos v\u00ednculos familiares em torno de pr\u00e1ticas mais saud\u00e1veis no dia a dia.<\/p>\n","protected":false},"excerpt":{"rendered":"<p>Nesta quinta-feira (22), a equipe da Unidade B\u00e1sica de Sa\u00fade J\u00falio de Oliveira deu in\u00edcio a um novo ciclo do<\/p>\n","protected":false},"author":12,"featured_media":14027,"comment_status":"closed","ping_status":"closed","sticky":false,"template":"","format":"standard","meta":{"footnotes":""},"categories":[4,8],"tags":[],"class_list":["post-14025","post","type-post","status-publish","format-standard","has-post-thumbnail","hentry","category-noticias","category-noticias-fumssar"],"aioseo_notices":[],"_links":{"self":[{"href":"https:\/\/prefeitura.santarosa.rs.gov.br\/index.php?rest_route=\/wp\/v2\/posts\/14025","targetHints":{"allow":["GET"]}}],"collection":[{"href":"https:\/\/prefeitura.santarosa.rs.gov.br\/index.php?rest_route=\/wp\/v2\/posts"}],"about":[{"href":"https:\/\/prefeitura.santarosa.rs.gov.br\/index.php?rest_route=\/wp\/v2\/types\/post"}],"author":[{"embeddable":true,"href":"https:\/\/prefeitura.santarosa.rs.gov.br\/index.php?rest_route=\/wp\/v2\/users\/12"}],"replies":[{"embeddable":true,"href":"https:\/\/prefeitura.santarosa.rs.gov.br\/index.php?rest_route=%2Fwp%2Fv2%2Fcomments&post=14025"}],"version-history":[{"count":1,"href":"https:\/\/prefeitura.santarosa.rs.gov.br\/index.php?rest_route=\/wp\/v2\/posts\/14025\/revisions"}],"predecessor-version":[{"id":14028,"href":"https:\/\/prefeitura.santarosa.rs.gov.br\/index.php?rest_route=\/wp\/v2\/posts\/14025\/revisions\/14028"}],"wp:featuredmedia":[{"embeddable":true,"href":"https:\/\/prefeitura.santarosa.rs.gov.br\/index.php?rest_route=\/wp\/v2\/media\/14027"}],"wp:attachment":[{"href":"https:\/\/prefeitura.santarosa.rs.gov.br\/index.php?rest_route=%2Fwp%2Fv2%2Fmedia&parent=14025"}],"wp:term":[{"taxonomy":"category","embeddable":true,"href":"https:\/\/prefeitura.santarosa.rs.gov.br\/index.php?rest_route=%2Fwp%2Fv2%2Fcategories&post=14025"},{"taxonomy":"post_tag","embeddable":true,"href":"https:\/\/prefeitura.santarosa.rs.gov.br\/index.php?rest_route=%2Fwp%2Fv2%2Ftags&post=14025"}],"curies":[{"name":"wp","href":"https:\/\/api.w.org\/{rel}","templated":true}]}}