{"id":14016,"date":"2025-05-22T16:53:21","date_gmt":"2025-05-22T19:53:21","guid":{"rendered":"https:\/\/prefeitura.santarosa.rs.gov.br\/?p=14016"},"modified":"2025-05-22T16:53:22","modified_gmt":"2025-05-22T19:53:22","slug":"praca-de-cruzeiro-e-reinaugurada","status":"publish","type":"post","link":"https:\/\/prefeitura.santarosa.rs.gov.br\/?p=14016","title":{"rendered":"Pra\u00e7a de Cruzeiro \u00e9 reinaugurada"},"content":{"rendered":"\n<figure class=\"wp-block-image size-full\"><img fetchpriority=\"high\" decoding=\"async\" width=\"860\" height=\"645\" src=\"https:\/\/prefeitura.santarosa.rs.gov.br\/wp-content\/uploads\/2025\/05\/Formato-Site-e-Portal-860X645-JPG-2025-05-22T165146.713.jpg\" alt=\"\" class=\"wp-image-14017\" srcset=\"https:\/\/prefeitura.santarosa.rs.gov.br\/wp-content\/uploads\/2025\/05\/Formato-Site-e-Portal-860X645-JPG-2025-05-22T165146.713.jpg 860w, https:\/\/prefeitura.santarosa.rs.gov.br\/wp-content\/uploads\/2025\/05\/Formato-Site-e-Portal-860X645-JPG-2025-05-22T165146.713-300x225.jpg 300w, https:\/\/prefeitura.santarosa.rs.gov.br\/wp-content\/uploads\/2025\/05\/Formato-Site-e-Portal-860X645-JPG-2025-05-22T165146.713-768x576.jpg 768w\" sizes=\"(max-width: 860px) 100vw, 860px\" \/><\/figure>\n\n\n\n<p>Foi realizada na tarde desta quinta-feira (22), o ato de inaugura\u00e7\u00e3o da revitaliza\u00e7\u00e3o da Pra\u00e7a de Cruzeiro, tamb\u00e9m conhecida como Pra\u00e7a Pedro Schwertz. O evento contou com a presen\u00e7a de autoridades, representantes de empresas, alunos da Rede Municipal de Ensino e moradores da comunidade, que celebraram a entrega de um espa\u00e7o p\u00fablico renovado e pronto para o lazer. Durante a inaugura\u00e7\u00e3o, diversas atividades foram ofertadas ao p\u00fablico, em parceria com secretarias da prefeitura e institui\u00e7\u00f5es do munic\u00edpio. Estavam \u00e0 disposi\u00e7\u00e3o servi\u00e7os como medi\u00e7\u00e3o de press\u00e3o arterial e glicose, atividades esportivas, entrega de panfletos educativos e pintura de rosto para as crian\u00e7as.<\/p>\n\n\n\n<p>A revitaliza\u00e7\u00e3o da pra\u00e7a foi realizada com recursos pr\u00f3prios da Prefeitura de Santa Rosa, totalizando um investimento de aproximadamente R$ 1,7 milh\u00e3o. O projeto contemplou a reforma completa dos passeios, constru\u00e7\u00e3o de novos sanit\u00e1rios, moderniza\u00e7\u00e3o das instala\u00e7\u00f5es el\u00e9tricas, implanta\u00e7\u00e3o de ilumina\u00e7\u00e3o em LED, plantio de grama, execu\u00e7\u00e3o de novos pisos e a constru\u00e7\u00e3o de um parquinho infantil, garantindo mais seguran\u00e7a, acessibilidade e conforto para os frequentadores. O Prefeito Anderson Mantei destacou a import\u00e2ncia da entrega para a popula\u00e7\u00e3o do Bairro Cruzeiro, \u201cEssa \u00e9 uma obra que transforma o cotidiano das pessoas. Mais do que revitalizar um espa\u00e7o, estamos promovendo qualidade de vida, lazer e principalmente, seguran\u00e7a\u201d.<\/p>\n\n\n\n<p>A obra foi uma indica\u00e7\u00e3o do vereador Marcos Knorst (Migue), atendendo a um pedido da comunidade. O projeto arquitet\u00f4nico foi doado pela Associa\u00e7\u00e3o Profissional de Engenheiros e Arquitetos (APEA), atrav\u00e9s das arquitetas Luciana Locatelli e Vanessa Eidt.<\/p>\n","protected":false},"excerpt":{"rendered":"<p>Foi realizada na tarde desta quinta-feira (22), o ato de inaugura\u00e7\u00e3o da revitaliza\u00e7\u00e3o da Pra\u00e7a de Cruzeiro, tamb\u00e9m conhecida como<\/p>\n","protected":false},"author":12,"featured_media":14018,"comment_status":"closed","ping_status":"closed","sticky":false,"template":"","format":"standard","meta":{"footnotes":""},"categories":[4,22],"tags":[],"class_list":["post-14016","post","type-post","status-publish","format-standard","has-post-thumbnail","hentry","category-noticias","category-secretaria-municipal-de-planejamento-e-habitacao"],"aioseo_notices":[],"_links":{"self":[{"href":"https:\/\/prefeitura.santarosa.rs.gov.br\/index.php?rest_route=\/wp\/v2\/posts\/14016","targetHints":{"allow":["GET"]}}],"collection":[{"href":"https:\/\/prefeitura.santarosa.rs.gov.br\/index.php?rest_route=\/wp\/v2\/posts"}],"about":[{"href":"https:\/\/prefeitura.santarosa.rs.gov.br\/index.php?rest_route=\/wp\/v2\/types\/post"}],"author":[{"embeddable":true,"href":"https:\/\/prefeitura.santarosa.rs.gov.br\/index.php?rest_route=\/wp\/v2\/users\/12"}],"replies":[{"embeddable":true,"href":"https:\/\/prefeitura.santarosa.rs.gov.br\/index.php?rest_route=%2Fwp%2Fv2%2Fcomments&post=14016"}],"version-history":[{"count":1,"href":"https:\/\/prefeitura.santarosa.rs.gov.br\/index.php?rest_route=\/wp\/v2\/posts\/14016\/revisions"}],"predecessor-version":[{"id":14019,"href":"https:\/\/prefeitura.santarosa.rs.gov.br\/index.php?rest_route=\/wp\/v2\/posts\/14016\/revisions\/14019"}],"wp:featuredmedia":[{"embeddable":true,"href":"https:\/\/prefeitura.santarosa.rs.gov.br\/index.php?rest_route=\/wp\/v2\/media\/14018"}],"wp:attachment":[{"href":"https:\/\/prefeitura.santarosa.rs.gov.br\/index.php?rest_route=%2Fwp%2Fv2%2Fmedia&parent=14016"}],"wp:term":[{"taxonomy":"category","embeddable":true,"href":"https:\/\/prefeitura.santarosa.rs.gov.br\/index.php?rest_route=%2Fwp%2Fv2%2Fcategories&post=14016"},{"taxonomy":"post_tag","embeddable":true,"href":"https:\/\/prefeitura.santarosa.rs.gov.br\/index.php?rest_route=%2Fwp%2Fv2%2Ftags&post=14016"}],"curies":[{"name":"wp","href":"https:\/\/api.w.org\/{rel}","templated":true}]}}