{"id":14007,"date":"2025-05-21T08:02:10","date_gmt":"2025-05-21T11:02:10","guid":{"rendered":"https:\/\/prefeitura.santarosa.rs.gov.br\/?p=14007"},"modified":"2025-05-22T08:38:18","modified_gmt":"2025-05-22T11:38:18","slug":"prefeitura-lanca-o-programa-santa-rosa-verde-5-mil-mudas-plantadas-em-2025","status":"publish","type":"post","link":"https:\/\/prefeitura.santarosa.rs.gov.br\/?p=14007","title":{"rendered":"Prefeitura lan\u00e7a o programa Santa Rosa + Verde: 5 mil mudas plantadas em 2025"},"content":{"rendered":"\n<figure class=\"wp-block-image size-full\"><img fetchpriority=\"high\" decoding=\"async\" width=\"860\" height=\"645\" src=\"https:\/\/prefeitura.santarosa.rs.gov.br\/wp-content\/uploads\/2025\/05\/Formato-Site-e-Portal-860X645-JPG-2025-05-22T083614.639.jpg\" alt=\"\" class=\"wp-image-14008\" srcset=\"https:\/\/prefeitura.santarosa.rs.gov.br\/wp-content\/uploads\/2025\/05\/Formato-Site-e-Portal-860X645-JPG-2025-05-22T083614.639.jpg 860w, https:\/\/prefeitura.santarosa.rs.gov.br\/wp-content\/uploads\/2025\/05\/Formato-Site-e-Portal-860X645-JPG-2025-05-22T083614.639-300x225.jpg 300w, https:\/\/prefeitura.santarosa.rs.gov.br\/wp-content\/uploads\/2025\/05\/Formato-Site-e-Portal-860X645-JPG-2025-05-22T083614.639-768x576.jpg 768w\" sizes=\"(max-width: 860px) 100vw, 860px\" \/><\/figure>\n\n\n\n<p>A Prefeitura, por meio da Secretaria de Meio Ambiente, lan\u00e7ou nesta quarta-feira (21), o programa Santa Rosa + Verde, que vai transformar o munic\u00edpio com mais \u00e1reas arborizadas e sustent\u00e1veis. Ao longo de 2025, ser\u00e3o plantadas em diversos pontos da cidade, 5 mil mudas de \u00e1rvores.<\/p>\n\n\n\n<p>O programa j\u00e1 come\u00e7ou. At\u00e9 agora, 1.200 mudas foram entregues \u00e0 popula\u00e7\u00e3o e, s\u00f3 nesta semana, outras 700 mudas nativas foram plantadas em \u00e1reas p\u00fablicas. As 3.100 restantes ser\u00e3o implementadas gradualmente em ruas, pra\u00e7as, escolas e outros espa\u00e7os urbanos. O Prefeito Anderson Mantei acompanhou o in\u00edcio do plantio e destacou a import\u00e2ncia da iniciativa, \u201cEstamos cuidando do presente e preparando o futuro. Nossa cidade avan\u00e7a em todas as \u00e1reas e no meio ambiente n\u00e3o est\u00e1 sendo diferente. Vamos plantar mais \u00e1rvores, melhorar a infraestrutura e preparar Santa Rosa para as pr\u00f3ximas d\u00e9cadas de desenvolvimento\u201d.<\/p>\n\n\n\n<p>A Prefeitura refor\u00e7a que todas as \u00e1rvores retiradas por conta das obras do Plano de Mobilidade Urbana t\u00eam autoriza\u00e7\u00e3o da \u00e1rea t\u00e9cnica da Secretaria de Meio Ambiente. Al\u00e9m do Santa Rosa + Verde, o munic\u00edpio j\u00e1 desenvolve outras a\u00e7\u00f5es ambientais, como o Arboriza Santa Rosa, que tem como foco a amplia\u00e7\u00e3o da cobertura vegetal em \u00e1reas urbanas e rurais, contribuindo para o enfrentamento das mudan\u00e7as clim\u00e1ticas e a preserva\u00e7\u00e3o da biodiversidade.<\/p>\n","protected":false},"excerpt":{"rendered":"<p>A Prefeitura, por meio da Secretaria de Meio Ambiente, lan\u00e7ou nesta quarta-feira (21), o programa Santa Rosa + Verde, que<\/p>\n","protected":false},"author":12,"featured_media":14009,"comment_status":"closed","ping_status":"closed","sticky":false,"template":"","format":"standard","meta":{"footnotes":""},"categories":[4,20],"tags":[],"class_list":["post-14007","post","type-post","status-publish","format-standard","has-post-thumbnail","hentry","category-noticias","category-secretaria-municipal-de-meio-ambiente"],"aioseo_notices":[],"_links":{"self":[{"href":"https:\/\/prefeitura.santarosa.rs.gov.br\/index.php?rest_route=\/wp\/v2\/posts\/14007","targetHints":{"allow":["GET"]}}],"collection":[{"href":"https:\/\/prefeitura.santarosa.rs.gov.br\/index.php?rest_route=\/wp\/v2\/posts"}],"about":[{"href":"https:\/\/prefeitura.santarosa.rs.gov.br\/index.php?rest_route=\/wp\/v2\/types\/post"}],"author":[{"embeddable":true,"href":"https:\/\/prefeitura.santarosa.rs.gov.br\/index.php?rest_route=\/wp\/v2\/users\/12"}],"replies":[{"embeddable":true,"href":"https:\/\/prefeitura.santarosa.rs.gov.br\/index.php?rest_route=%2Fwp%2Fv2%2Fcomments&post=14007"}],"version-history":[{"count":1,"href":"https:\/\/prefeitura.santarosa.rs.gov.br\/index.php?rest_route=\/wp\/v2\/posts\/14007\/revisions"}],"predecessor-version":[{"id":14010,"href":"https:\/\/prefeitura.santarosa.rs.gov.br\/index.php?rest_route=\/wp\/v2\/posts\/14007\/revisions\/14010"}],"wp:featuredmedia":[{"embeddable":true,"href":"https:\/\/prefeitura.santarosa.rs.gov.br\/index.php?rest_route=\/wp\/v2\/media\/14009"}],"wp:attachment":[{"href":"https:\/\/prefeitura.santarosa.rs.gov.br\/index.php?rest_route=%2Fwp%2Fv2%2Fmedia&parent=14007"}],"wp:term":[{"taxonomy":"category","embeddable":true,"href":"https:\/\/prefeitura.santarosa.rs.gov.br\/index.php?rest_route=%2Fwp%2Fv2%2Fcategories&post=14007"},{"taxonomy":"post_tag","embeddable":true,"href":"https:\/\/prefeitura.santarosa.rs.gov.br\/index.php?rest_route=%2Fwp%2Fv2%2Ftags&post=14007"}],"curies":[{"name":"wp","href":"https:\/\/api.w.org\/{rel}","templated":true}]}}