{"id":14003,"date":"2025-05-21T07:54:27","date_gmt":"2025-05-21T10:54:27","guid":{"rendered":"https:\/\/prefeitura.santarosa.rs.gov.br\/?p=14003"},"modified":"2025-05-22T07:55:58","modified_gmt":"2025-05-22T10:55:58","slug":"fumssar-promoveu-mais-uma-edicao-do-evento-cuidando-do-cuidador","status":"publish","type":"post","link":"https:\/\/prefeitura.santarosa.rs.gov.br\/?p=14003","title":{"rendered":"FUMSSAR promoveu mais uma edi\u00e7\u00e3o do evento \u201cCuidando do Cuidador\u201d"},"content":{"rendered":"\n<figure class=\"wp-block-image size-full\"><img fetchpriority=\"high\" decoding=\"async\" width=\"860\" height=\"645\" src=\"https:\/\/prefeitura.santarosa.rs.gov.br\/wp-content\/uploads\/2025\/05\/Formato-Site-e-Portal-860X645-JPG-2025-05-22T074755.904.jpg\" alt=\"\" class=\"wp-image-14004\" srcset=\"https:\/\/prefeitura.santarosa.rs.gov.br\/wp-content\/uploads\/2025\/05\/Formato-Site-e-Portal-860X645-JPG-2025-05-22T074755.904.jpg 860w, https:\/\/prefeitura.santarosa.rs.gov.br\/wp-content\/uploads\/2025\/05\/Formato-Site-e-Portal-860X645-JPG-2025-05-22T074755.904-300x225.jpg 300w, https:\/\/prefeitura.santarosa.rs.gov.br\/wp-content\/uploads\/2025\/05\/Formato-Site-e-Portal-860X645-JPG-2025-05-22T074755.904-768x576.jpg 768w\" sizes=\"(max-width: 860px) 100vw, 860px\" \/><\/figure>\n\n\n\n<p>Na \u00faltima semana, a Funda\u00e7\u00e3o Municipal de Sa\u00fade de Santa Rosa realizou mais uma edi\u00e7\u00e3o do evento \u201cCuidando do Cuidador\u201d. A a\u00e7\u00e3o, promovida pela equipe do Programa Melhor em Casa, aconteceu no pr\u00e9dio do Cerest e teve como objetivo proporcionar um momento especial de acolhimento e valoriza\u00e7\u00e3o para os cuidadores que acompanham os pacientes atendidos pelo servi\u00e7o.<\/p>\n\n\n\n<p>Um dos destaques desta edi\u00e7\u00e3o foi a participa\u00e7\u00e3o do m\u00e9dico geriatra da FUMSSAR, Dr. Daniel Faccin. O coordenador do Programa Melhor em Casa, Leandro Rogerio Deuschle, destacou a a\u00e7\u00e3o, \u201cFoi uma oportunidade especial de compartilharmos experi\u00eancias e de proporcionar momentos de descontra\u00e7\u00e3o e bem-estar aos cuidadores que dedicam v\u00e1rias horas do seu dia para cuidar dos pacientes atendidos pelo programa Melhor em Casa\u201d.<\/p>\n\n\n\n<p>Atualmente, o Programa Melhor em Casa realiza atendimento domiciliar para 45 pacientes em Santa Rosa. A equipe multiprofissional \u00e9 composta por m\u00e9dico, enfermeira, t\u00e9cnico de enfermagem, fisioterapeuta e nutricionista, garantindo um cuidado integral e humanizado aos usu\u00e1rios.<\/p>\n","protected":false},"excerpt":{"rendered":"<p>Na \u00faltima semana, a Funda\u00e7\u00e3o Municipal de Sa\u00fade de Santa Rosa realizou mais uma edi\u00e7\u00e3o do evento \u201cCuidando do Cuidador\u201d.<\/p>\n","protected":false},"author":12,"featured_media":14005,"comment_status":"closed","ping_status":"closed","sticky":false,"template":"","format":"standard","meta":{"footnotes":""},"categories":[4,8],"tags":[],"class_list":["post-14003","post","type-post","status-publish","format-standard","has-post-thumbnail","hentry","category-noticias","category-noticias-fumssar"],"aioseo_notices":[],"_links":{"self":[{"href":"https:\/\/prefeitura.santarosa.rs.gov.br\/index.php?rest_route=\/wp\/v2\/posts\/14003","targetHints":{"allow":["GET"]}}],"collection":[{"href":"https:\/\/prefeitura.santarosa.rs.gov.br\/index.php?rest_route=\/wp\/v2\/posts"}],"about":[{"href":"https:\/\/prefeitura.santarosa.rs.gov.br\/index.php?rest_route=\/wp\/v2\/types\/post"}],"author":[{"embeddable":true,"href":"https:\/\/prefeitura.santarosa.rs.gov.br\/index.php?rest_route=\/wp\/v2\/users\/12"}],"replies":[{"embeddable":true,"href":"https:\/\/prefeitura.santarosa.rs.gov.br\/index.php?rest_route=%2Fwp%2Fv2%2Fcomments&post=14003"}],"version-history":[{"count":1,"href":"https:\/\/prefeitura.santarosa.rs.gov.br\/index.php?rest_route=\/wp\/v2\/posts\/14003\/revisions"}],"predecessor-version":[{"id":14006,"href":"https:\/\/prefeitura.santarosa.rs.gov.br\/index.php?rest_route=\/wp\/v2\/posts\/14003\/revisions\/14006"}],"wp:featuredmedia":[{"embeddable":true,"href":"https:\/\/prefeitura.santarosa.rs.gov.br\/index.php?rest_route=\/wp\/v2\/media\/14005"}],"wp:attachment":[{"href":"https:\/\/prefeitura.santarosa.rs.gov.br\/index.php?rest_route=%2Fwp%2Fv2%2Fmedia&parent=14003"}],"wp:term":[{"taxonomy":"category","embeddable":true,"href":"https:\/\/prefeitura.santarosa.rs.gov.br\/index.php?rest_route=%2Fwp%2Fv2%2Fcategories&post=14003"},{"taxonomy":"post_tag","embeddable":true,"href":"https:\/\/prefeitura.santarosa.rs.gov.br\/index.php?rest_route=%2Fwp%2Fv2%2Ftags&post=14003"}],"curies":[{"name":"wp","href":"https:\/\/api.w.org\/{rel}","templated":true}]}}