{"id":13989,"date":"2025-05-20T07:57:55","date_gmt":"2025-05-20T10:57:55","guid":{"rendered":"https:\/\/prefeitura.santarosa.rs.gov.br\/?p=13989"},"modified":"2025-05-21T07:59:43","modified_gmt":"2025-05-21T10:59:43","slug":"santa-rosa-lidera-o-rs-no-trofeu-brasil-open-das-americas-2025-de-karate","status":"publish","type":"post","link":"https:\/\/prefeitura.santarosa.rs.gov.br\/?p=13989","title":{"rendered":"Santa Rosa lidera o RS no Trof\u00e9u Brasil Open das Am\u00e9ricas 2025 de Karat\u00ea"},"content":{"rendered":"\n<figure class=\"wp-block-image size-full\"><img fetchpriority=\"high\" decoding=\"async\" width=\"860\" height=\"645\" src=\"https:\/\/prefeitura.santarosa.rs.gov.br\/wp-content\/uploads\/2025\/05\/Formato-Site-e-Portal-860X645-JPG-2025-05-21T075516.617.jpg\" alt=\"\" class=\"wp-image-13990\" srcset=\"https:\/\/prefeitura.santarosa.rs.gov.br\/wp-content\/uploads\/2025\/05\/Formato-Site-e-Portal-860X645-JPG-2025-05-21T075516.617.jpg 860w, https:\/\/prefeitura.santarosa.rs.gov.br\/wp-content\/uploads\/2025\/05\/Formato-Site-e-Portal-860X645-JPG-2025-05-21T075516.617-300x225.jpg 300w, https:\/\/prefeitura.santarosa.rs.gov.br\/wp-content\/uploads\/2025\/05\/Formato-Site-e-Portal-860X645-JPG-2025-05-21T075516.617-768x576.jpg 768w\" sizes=\"(max-width: 860px) 100vw, 860px\" \/><\/figure>\n\n\n\n<p>A cidade de Santa Rosa mais uma vez se destaca no cen\u00e1rio esportivo nacional. No Trof\u00e9u Brasil Open das Am\u00e9ricas 2025, realizado no Gin\u00e1sio Mauro Pinheiro, no Parque do Ibirapuera em S\u00e3o Paulo, os atletas santa-rosenses conquistaram o maior n\u00famero de medalhas entre todas as cidades do Rio Grande do Sul. Foram 5 medalhas no total, sendo 3 delas de atletas integrantes do Programa Karat\u00ea Para Todos, uma iniciativa da Prefeitura de Santa Rosa que vem transformando vidas por meio do esporte.<\/p>\n\n\n\n<p>O evento, considerado um dos maiores do mundo no karat\u00ea, reuniu 3.400 atletas de diversos pa\u00edses, incluindo Brasil, Argentina, Uruguai, Peru e Chile. O Secret\u00e1rio de Esporte, Cauh\u00e3 Pereira da Silva, celebrou os resultados, \u201cNossos atletas est\u00e3o se destacando em mais esta competi\u00e7\u00e3o, o que nos enche de orgulho. O Programa Karat\u00ea Para Todos tem mostrado resultados concretos, n\u00e3o s\u00f3 em medalhas, mas na forma\u00e7\u00e3o de cidad\u00e3os. Santa Rosa est\u00e1 no topo porque acredita no esporte como ferramenta de inclus\u00e3o, disciplina e supera\u00e7\u00e3o\u201d.<\/p>\n\n\n\n<p>Entre os destaques santa-rosenses est\u00e3o os atletas:<\/p>\n\n\n\n<pre class=\"wp-block-code\"><code>\u2022 Vin\u00edcius \u2013 Medalha de ouro (1\u00ba lugar)\n\u2022 Gabriel Sz \u2013 Medalha de bronze (3\u00ba lugar)\n\u2022 Arthur, Davi e Hadassa \u2013 Medalhas por equipe (2\u00ba e 3\u00ba lugares)<\/code><\/pre>\n\n\n\n<p>A classifica\u00e7\u00e3o geral das cidades ga\u00fachas no evento ficou assim:<\/p>\n\n\n\n<pre class=\"wp-block-code\"><code>\u2022 Santa Rosa \u2013 5 medalhas\n\u2022 Porto Alegre \u2013 3 medalhas\n\u2022 Alecrim \u2013 3 medalhas\n\u2022 Livramento \u2013 3 medalhas\n\u2022 C\u00e2ndido God\u00f3i \u2013 1 medalha<\/code><\/pre>\n","protected":false},"excerpt":{"rendered":"<p>A cidade de Santa Rosa mais uma vez se destaca no cen\u00e1rio esportivo nacional. No Trof\u00e9u Brasil Open das Am\u00e9ricas<\/p>\n","protected":false},"author":12,"featured_media":13991,"comment_status":"closed","ping_status":"closed","sticky":false,"template":"","format":"standard","meta":{"footnotes":""},"categories":[4,19],"tags":[],"class_list":["post-13989","post","type-post","status-publish","format-standard","has-post-thumbnail","hentry","category-noticias","category-secretaria-municipal-de-esporte"],"aioseo_notices":[],"_links":{"self":[{"href":"https:\/\/prefeitura.santarosa.rs.gov.br\/index.php?rest_route=\/wp\/v2\/posts\/13989","targetHints":{"allow":["GET"]}}],"collection":[{"href":"https:\/\/prefeitura.santarosa.rs.gov.br\/index.php?rest_route=\/wp\/v2\/posts"}],"about":[{"href":"https:\/\/prefeitura.santarosa.rs.gov.br\/index.php?rest_route=\/wp\/v2\/types\/post"}],"author":[{"embeddable":true,"href":"https:\/\/prefeitura.santarosa.rs.gov.br\/index.php?rest_route=\/wp\/v2\/users\/12"}],"replies":[{"embeddable":true,"href":"https:\/\/prefeitura.santarosa.rs.gov.br\/index.php?rest_route=%2Fwp%2Fv2%2Fcomments&post=13989"}],"version-history":[{"count":1,"href":"https:\/\/prefeitura.santarosa.rs.gov.br\/index.php?rest_route=\/wp\/v2\/posts\/13989\/revisions"}],"predecessor-version":[{"id":13992,"href":"https:\/\/prefeitura.santarosa.rs.gov.br\/index.php?rest_route=\/wp\/v2\/posts\/13989\/revisions\/13992"}],"wp:featuredmedia":[{"embeddable":true,"href":"https:\/\/prefeitura.santarosa.rs.gov.br\/index.php?rest_route=\/wp\/v2\/media\/13991"}],"wp:attachment":[{"href":"https:\/\/prefeitura.santarosa.rs.gov.br\/index.php?rest_route=%2Fwp%2Fv2%2Fmedia&parent=13989"}],"wp:term":[{"taxonomy":"category","embeddable":true,"href":"https:\/\/prefeitura.santarosa.rs.gov.br\/index.php?rest_route=%2Fwp%2Fv2%2Fcategories&post=13989"},{"taxonomy":"post_tag","embeddable":true,"href":"https:\/\/prefeitura.santarosa.rs.gov.br\/index.php?rest_route=%2Fwp%2Fv2%2Ftags&post=13989"}],"curies":[{"name":"wp","href":"https:\/\/api.w.org\/{rel}","templated":true}]}}