{"id":13984,"date":"2025-05-20T07:52:24","date_gmt":"2025-05-20T10:52:24","guid":{"rendered":"https:\/\/prefeitura.santarosa.rs.gov.br\/?p=13984"},"modified":"2025-05-21T07:57:34","modified_gmt":"2025-05-21T10:57:34","slug":"santa-rosa-apresenta-avancos-do-geo-santa-rosa-em-painel-durante-a-indumoveis-2025","status":"publish","type":"post","link":"https:\/\/prefeitura.santarosa.rs.gov.br\/?p=13984","title":{"rendered":"Santa Rosa apresenta avan\u00e7os do GEO Santa Rosa em painel durante a Indum\u00f3veis 2025"},"content":{"rendered":"\n<figure class=\"wp-block-image size-full\"><img fetchpriority=\"high\" decoding=\"async\" width=\"860\" height=\"645\" src=\"https:\/\/prefeitura.santarosa.rs.gov.br\/wp-content\/uploads\/2025\/05\/Formato-Site-e-Portal-860X645-JPG-2025-05-21T073849.805.jpg\" alt=\"\" class=\"wp-image-13985\" srcset=\"https:\/\/prefeitura.santarosa.rs.gov.br\/wp-content\/uploads\/2025\/05\/Formato-Site-e-Portal-860X645-JPG-2025-05-21T073849.805.jpg 860w, https:\/\/prefeitura.santarosa.rs.gov.br\/wp-content\/uploads\/2025\/05\/Formato-Site-e-Portal-860X645-JPG-2025-05-21T073849.805-300x225.jpg 300w, https:\/\/prefeitura.santarosa.rs.gov.br\/wp-content\/uploads\/2025\/05\/Formato-Site-e-Portal-860X645-JPG-2025-05-21T073849.805-768x576.jpg 768w\" sizes=\"(max-width: 860px) 100vw, 860px\" \/><\/figure>\n\n\n\n<p>Na noite desta segunda-feira (19), a Prefeitura de Santa Rosa promoveu um importante painel sobre o projeto GEO Santa Rosa, como parte da programa\u00e7\u00e3o do 4\u00ba dia da Indum\u00f3veis 2025. O evento reuniu aproximadamente 140 pessoas, entre engenheiros, arquitetos, corretores de im\u00f3veis, contadores, advogados e profissionais ligados \u00e0 gest\u00e3o p\u00fablica e privada.<\/p>\n\n\n\n<p>O painel teve como foco apresentar os avan\u00e7os e as funcionalidades do projeto GEO Santa Rosa, incluindo o papel da geoinforma\u00e7\u00e3o na an\u00e1lise de dados, a evolu\u00e7\u00e3o hist\u00f3rica do projeto e a implanta\u00e7\u00e3o de uma plataforma digital integrada, inteligente e colaborativa. Entre os destaques, est\u00e1 a disponibiliza\u00e7\u00e3o do novo Sistema de Informa\u00e7\u00e3o Geogr\u00e1fica (SIG), com servi\u00e7os como cobertura aerofotogram\u00e9trica, perfilamento a laser, gera\u00e7\u00e3o de curvas de n\u00edvel e o novo sistema de aprova\u00e7\u00e3o digital.<\/p>\n\n\n\n<p>A iniciativa faz parte do esfor\u00e7o do Governo Municipal em modernizar a gest\u00e3o urbana e rural, utilizando tecnologia para otimizar o planejamento, a arrecada\u00e7\u00e3o e os servi\u00e7os p\u00fablicos. O GEO Santa Rosa j\u00e1 viabilizou a cobertura aerofotogram\u00e9trica de todo o munic\u00edpio, o desenvolvimento de Modelos Digitais de Terreno (MDT) e de Superf\u00edcie (MDS), al\u00e9m de um novo sistema de gest\u00e3o territorial com hospedagem e backup em nuvem. Durante a abertura da atividade, o vice-prefeito Aldemir Ulrich ressaltou o compromisso do munic\u00edpio com a inova\u00e7\u00e3o e o uso de tecnologias na administra\u00e7\u00e3o p\u00fablica, \u201cO GEO Santa Rosa \u00e9 uma ferramenta que coloca nossa cidade \u00e0 frente na gest\u00e3o inteligente do territ\u00f3rio, possibilitando decis\u00f5es mais eficazes e planejamentos mais precisos para o futuro de Santa Rosa\u201d.<\/p>\n\n\n\n<p>Outro destaque do GEO Santa Rosa demonstrado no painel foi o mapeamento m\u00f3vel terrestre com c\u00e2mera 360\u00ba, atrav\u00e9s de um ve\u00edculo especializado que percorreu o per\u00edmetro urbano, coletando informa\u00e7\u00f5es georreferenciadas detalhadas sobre os logradouros e edifica\u00e7\u00f5es, o que permite um diagn\u00f3stico mais preciso e fundamentado da realidade do munic\u00edpio. A apresenta\u00e7\u00e3o t\u00e9cnica foi conduzida pelos servidores municipais Daiane Gandin (Desenhista), Gustavo Rodrigo Hansen Joner (Auditor Fiscal) e Mateus Monegat de Gaspari (Engenheiro Civil), que detalharam as funcionalidades do sistema e os pr\u00f3ximos passos do projeto.<\/p>\n\n\n\n<p>A nova vers\u00e3o do Sistema de Informa\u00e7\u00f5es Geogr\u00e1ficas est\u00e1 dispon\u00edvel para consulta p\u00fablica no site oficial da Prefeitura.<\/p>\n","protected":false},"excerpt":{"rendered":"<p>Na noite desta segunda-feira (19), a Prefeitura de Santa Rosa promoveu um importante painel sobre o projeto GEO Santa Rosa,<\/p>\n","protected":false},"author":12,"featured_media":13986,"comment_status":"closed","ping_status":"closed","sticky":false,"template":"","format":"standard","meta":{"footnotes":""},"categories":[4,13,16,22],"tags":[],"class_list":["post-13984","post","type-post","status-publish","format-standard","has-post-thumbnail","hentry","category-noticias","category-secretaria-municipal-de-administracao-e-fazenda","category-secretaria-municipal-de-desenvolvimento-economico-turismo-e-tecnologia","category-secretaria-municipal-de-planejamento-e-habitacao"],"aioseo_notices":[],"_links":{"self":[{"href":"https:\/\/prefeitura.santarosa.rs.gov.br\/index.php?rest_route=\/wp\/v2\/posts\/13984","targetHints":{"allow":["GET"]}}],"collection":[{"href":"https:\/\/prefeitura.santarosa.rs.gov.br\/index.php?rest_route=\/wp\/v2\/posts"}],"about":[{"href":"https:\/\/prefeitura.santarosa.rs.gov.br\/index.php?rest_route=\/wp\/v2\/types\/post"}],"author":[{"embeddable":true,"href":"https:\/\/prefeitura.santarosa.rs.gov.br\/index.php?rest_route=\/wp\/v2\/users\/12"}],"replies":[{"embeddable":true,"href":"https:\/\/prefeitura.santarosa.rs.gov.br\/index.php?rest_route=%2Fwp%2Fv2%2Fcomments&post=13984"}],"version-history":[{"count":1,"href":"https:\/\/prefeitura.santarosa.rs.gov.br\/index.php?rest_route=\/wp\/v2\/posts\/13984\/revisions"}],"predecessor-version":[{"id":13987,"href":"https:\/\/prefeitura.santarosa.rs.gov.br\/index.php?rest_route=\/wp\/v2\/posts\/13984\/revisions\/13987"}],"wp:featuredmedia":[{"embeddable":true,"href":"https:\/\/prefeitura.santarosa.rs.gov.br\/index.php?rest_route=\/wp\/v2\/media\/13986"}],"wp:attachment":[{"href":"https:\/\/prefeitura.santarosa.rs.gov.br\/index.php?rest_route=%2Fwp%2Fv2%2Fmedia&parent=13984"}],"wp:term":[{"taxonomy":"category","embeddable":true,"href":"https:\/\/prefeitura.santarosa.rs.gov.br\/index.php?rest_route=%2Fwp%2Fv2%2Fcategories&post=13984"},{"taxonomy":"post_tag","embeddable":true,"href":"https:\/\/prefeitura.santarosa.rs.gov.br\/index.php?rest_route=%2Fwp%2Fv2%2Ftags&post=13984"}],"curies":[{"name":"wp","href":"https:\/\/api.w.org\/{rel}","templated":true}]}}