{"id":13979,"date":"2025-05-19T08:14:23","date_gmt":"2025-05-19T11:14:23","guid":{"rendered":"https:\/\/prefeitura.santarosa.rs.gov.br\/?p=13979"},"modified":"2025-05-20T08:33:58","modified_gmt":"2025-05-20T11:33:58","slug":"ubs-de-bela-uniao-passa-a-se-chamar-unidade-basica-de-saude-wladislaw-klesta","status":"publish","type":"post","link":"https:\/\/prefeitura.santarosa.rs.gov.br\/?p=13979","title":{"rendered":"UBS de Bela Uni\u00e3o passa a se chamar Unidade B\u00e1sica de Sa\u00fade Wladislaw Klesta"},"content":{"rendered":"\n<figure class=\"wp-block-image size-full\"><img fetchpriority=\"high\" decoding=\"async\" width=\"860\" height=\"645\" src=\"https:\/\/prefeitura.santarosa.rs.gov.br\/wp-content\/uploads\/2025\/05\/Formato-Site-e-Portal-860X645-JPG-2025-05-20T083139.207.jpg\" alt=\"\" class=\"wp-image-13980\" srcset=\"https:\/\/prefeitura.santarosa.rs.gov.br\/wp-content\/uploads\/2025\/05\/Formato-Site-e-Portal-860X645-JPG-2025-05-20T083139.207.jpg 860w, https:\/\/prefeitura.santarosa.rs.gov.br\/wp-content\/uploads\/2025\/05\/Formato-Site-e-Portal-860X645-JPG-2025-05-20T083139.207-300x225.jpg 300w, https:\/\/prefeitura.santarosa.rs.gov.br\/wp-content\/uploads\/2025\/05\/Formato-Site-e-Portal-860X645-JPG-2025-05-20T083139.207-768x576.jpg 768w\" sizes=\"(max-width: 860px) 100vw, 860px\" \/><\/figure>\n\n\n\n<p>A Prefeitura de Santa Rosa realizou, nesta&nbsp;segunda-feira (19), o descerramento da nova placa da Unidade B\u00e1sica de Sa\u00fade de Bela Uni\u00e3o, que agora leva o nome de Wladislaw Klesta, conforme estabelecido pela Lei Municipal n\u00ba 5.865. A mudan\u00e7a foi uma indica\u00e7\u00e3o da vereadora Lires Zimmermann F\u00fchr, aprovada pela C\u00e2mara de Vereadores, e reconhece o legado de um dos moradores mais ativos da comunidade.<\/p>\n\n\n\n<p>Estiveram presentes no ato o prefeito Anderson Mantei, o vice-prefeito Aldemir Ulrich, o presidente da Funda\u00e7\u00e3o Municipal de Sa\u00fade, D\u00e9lcio Stefan, vereadores e familiares do homenageado. Wladislaw Klesta foi agricultor, comerciante e grande incentivador do desenvolvimento da comunidade de Bela Uni\u00e3o. Dedicou sua vida \u00e0 fam\u00edlia, \u00e0 f\u00e9 e ao trabalho coletivo, tendo sido um dos principais l\u00edderes na constru\u00e7\u00e3o da igreja cat\u00f3lica da localidade e dono de um tradicional com\u00e9rcio local. Foi tamb\u00e9m o primeiro paciente atendido na UBS, quando esta foi inaugurada, fato que&nbsp;hoje&nbsp;se torna simb\u00f3lico ao dar nome ao local. Durante o evento, o Prefeito Anderson Mantei destacou a import\u00e2ncia de preservar a hist\u00f3ria de quem ajudou a construir o munic\u00edpio, \u201cValorizamos aqueles que dedicaram sua vida \u00e0 nossa comunidade. Homenagens como esta reconhecem o trabalho silencioso e essencial de pessoas como Wladislaw, que ajudaram a formar a identidade e a for\u00e7a da nossa gente\u201d.<\/p>\n\n\n\n<p>A UBS Wladislaw Klesta est\u00e1 localizada na Rua Rodolfo Armino M\u00fcller, em Bela Uni\u00e3o, no interior de Santa Rosa. A unidade atende uma popula\u00e7\u00e3o de 1.429 pessoas, incluindo 420 idosos e 191 crian\u00e7as, e conta ainda com um Posto Avan\u00e7ado de Atendimento na localidade de Candeia.<\/p>\n","protected":false},"excerpt":{"rendered":"<p>A Prefeitura de Santa Rosa realizou, nesta&nbsp;segunda-feira (19), o descerramento da nova placa da Unidade B\u00e1sica de Sa\u00fade de Bela<\/p>\n","protected":false},"author":12,"featured_media":13981,"comment_status":"closed","ping_status":"closed","sticky":false,"template":"","format":"standard","meta":{"footnotes":""},"categories":[4,8],"tags":[],"class_list":["post-13979","post","type-post","status-publish","format-standard","has-post-thumbnail","hentry","category-noticias","category-noticias-fumssar"],"aioseo_notices":[],"_links":{"self":[{"href":"https:\/\/prefeitura.santarosa.rs.gov.br\/index.php?rest_route=\/wp\/v2\/posts\/13979","targetHints":{"allow":["GET"]}}],"collection":[{"href":"https:\/\/prefeitura.santarosa.rs.gov.br\/index.php?rest_route=\/wp\/v2\/posts"}],"about":[{"href":"https:\/\/prefeitura.santarosa.rs.gov.br\/index.php?rest_route=\/wp\/v2\/types\/post"}],"author":[{"embeddable":true,"href":"https:\/\/prefeitura.santarosa.rs.gov.br\/index.php?rest_route=\/wp\/v2\/users\/12"}],"replies":[{"embeddable":true,"href":"https:\/\/prefeitura.santarosa.rs.gov.br\/index.php?rest_route=%2Fwp%2Fv2%2Fcomments&post=13979"}],"version-history":[{"count":1,"href":"https:\/\/prefeitura.santarosa.rs.gov.br\/index.php?rest_route=\/wp\/v2\/posts\/13979\/revisions"}],"predecessor-version":[{"id":13982,"href":"https:\/\/prefeitura.santarosa.rs.gov.br\/index.php?rest_route=\/wp\/v2\/posts\/13979\/revisions\/13982"}],"wp:featuredmedia":[{"embeddable":true,"href":"https:\/\/prefeitura.santarosa.rs.gov.br\/index.php?rest_route=\/wp\/v2\/media\/13981"}],"wp:attachment":[{"href":"https:\/\/prefeitura.santarosa.rs.gov.br\/index.php?rest_route=%2Fwp%2Fv2%2Fmedia&parent=13979"}],"wp:term":[{"taxonomy":"category","embeddable":true,"href":"https:\/\/prefeitura.santarosa.rs.gov.br\/index.php?rest_route=%2Fwp%2Fv2%2Fcategories&post=13979"},{"taxonomy":"post_tag","embeddable":true,"href":"https:\/\/prefeitura.santarosa.rs.gov.br\/index.php?rest_route=%2Fwp%2Fv2%2Ftags&post=13979"}],"curies":[{"name":"wp","href":"https:\/\/api.w.org\/{rel}","templated":true}]}}