{"id":13975,"date":"2025-05-19T08:10:43","date_gmt":"2025-05-19T11:10:43","guid":{"rendered":"https:\/\/prefeitura.santarosa.rs.gov.br\/?p=13975"},"modified":"2025-05-20T08:14:06","modified_gmt":"2025-05-20T11:14:06","slug":"acao-de-conscientizacao-contra-o-abuso-e-a-exploracao-sexual-infantil-foi-realizada-no-sabado","status":"publish","type":"post","link":"https:\/\/prefeitura.santarosa.rs.gov.br\/?p=13975","title":{"rendered":"A\u00e7\u00e3o de conscientiza\u00e7\u00e3o contra o abuso e a explora\u00e7\u00e3o sexual infantil\u00a0foi realizada no\u00a0s\u00e1bado"},"content":{"rendered":"\n<figure class=\"wp-block-image size-full\"><img fetchpriority=\"high\" decoding=\"async\" width=\"860\" height=\"645\" src=\"https:\/\/prefeitura.santarosa.rs.gov.br\/wp-content\/uploads\/2025\/05\/Formato-Site-e-Portal-860X645-JPG-2025-05-20T080254.417.jpg\" alt=\"\" class=\"wp-image-13976\" srcset=\"https:\/\/prefeitura.santarosa.rs.gov.br\/wp-content\/uploads\/2025\/05\/Formato-Site-e-Portal-860X645-JPG-2025-05-20T080254.417.jpg 860w, https:\/\/prefeitura.santarosa.rs.gov.br\/wp-content\/uploads\/2025\/05\/Formato-Site-e-Portal-860X645-JPG-2025-05-20T080254.417-300x225.jpg 300w, https:\/\/prefeitura.santarosa.rs.gov.br\/wp-content\/uploads\/2025\/05\/Formato-Site-e-Portal-860X645-JPG-2025-05-20T080254.417-768x576.jpg 768w\" sizes=\"(max-width: 860px) 100vw, 860px\" \/><\/figure>\n\n\n\n<p><br>A Prefeitura de Santa Rosa, por meio da Secretaria de Desenvolvimento Social, realizou no \u00faltimo&nbsp;s\u00e1bado&nbsp;(17), uma importante a\u00e7\u00e3o de sensibiliza\u00e7\u00e3o na Pra\u00e7a&nbsp;10 de Agosto. A atividade foi alusiva ao Maio Laranja: campanha nacional de enfrentamento ao abuso e \u00e0 explora\u00e7\u00e3o sexual de crian\u00e7as e adolescentes. A iniciativa contou com a parceria do Conselho Tutelar, CREAS e do Programa Crian\u00e7a Feliz.<\/p>\n\n\n\n<p><br>Durante a atividade, foram distribu\u00eddos folders informativos com orienta\u00e7\u00f5es sobre como identificar sinais de abuso e explora\u00e7\u00e3o, onde buscar ajuda e a import\u00e2ncia da den\u00fancia. Equipes dialogaram com a comunidade e esclareceram d\u00favidas sobre o tema.<\/p>\n","protected":false},"excerpt":{"rendered":"<p>A Prefeitura de Santa Rosa, por meio da Secretaria de Desenvolvimento Social, realizou no \u00faltimo&nbsp;s\u00e1bado&nbsp;(17), uma importante a\u00e7\u00e3o de sensibiliza\u00e7\u00e3o<\/p>\n","protected":false},"author":12,"featured_media":13977,"comment_status":"closed","ping_status":"closed","sticky":false,"template":"","format":"standard","meta":{"footnotes":""},"categories":[4,17],"tags":[],"class_list":["post-13975","post","type-post","status-publish","format-standard","has-post-thumbnail","hentry","category-noticias","category-secretaria-municipal-de-desenvolvimento-social"],"aioseo_notices":[],"_links":{"self":[{"href":"https:\/\/prefeitura.santarosa.rs.gov.br\/index.php?rest_route=\/wp\/v2\/posts\/13975","targetHints":{"allow":["GET"]}}],"collection":[{"href":"https:\/\/prefeitura.santarosa.rs.gov.br\/index.php?rest_route=\/wp\/v2\/posts"}],"about":[{"href":"https:\/\/prefeitura.santarosa.rs.gov.br\/index.php?rest_route=\/wp\/v2\/types\/post"}],"author":[{"embeddable":true,"href":"https:\/\/prefeitura.santarosa.rs.gov.br\/index.php?rest_route=\/wp\/v2\/users\/12"}],"replies":[{"embeddable":true,"href":"https:\/\/prefeitura.santarosa.rs.gov.br\/index.php?rest_route=%2Fwp%2Fv2%2Fcomments&post=13975"}],"version-history":[{"count":1,"href":"https:\/\/prefeitura.santarosa.rs.gov.br\/index.php?rest_route=\/wp\/v2\/posts\/13975\/revisions"}],"predecessor-version":[{"id":13978,"href":"https:\/\/prefeitura.santarosa.rs.gov.br\/index.php?rest_route=\/wp\/v2\/posts\/13975\/revisions\/13978"}],"wp:featuredmedia":[{"embeddable":true,"href":"https:\/\/prefeitura.santarosa.rs.gov.br\/index.php?rest_route=\/wp\/v2\/media\/13977"}],"wp:attachment":[{"href":"https:\/\/prefeitura.santarosa.rs.gov.br\/index.php?rest_route=%2Fwp%2Fv2%2Fmedia&parent=13975"}],"wp:term":[{"taxonomy":"category","embeddable":true,"href":"https:\/\/prefeitura.santarosa.rs.gov.br\/index.php?rest_route=%2Fwp%2Fv2%2Fcategories&post=13975"},{"taxonomy":"post_tag","embeddable":true,"href":"https:\/\/prefeitura.santarosa.rs.gov.br\/index.php?rest_route=%2Fwp%2Fv2%2Ftags&post=13975"}],"curies":[{"name":"wp","href":"https:\/\/api.w.org\/{rel}","templated":true}]}}