{"id":13965,"date":"2025-05-19T09:57:47","date_gmt":"2025-05-19T12:57:47","guid":{"rendered":"https:\/\/prefeitura.santarosa.rs.gov.br\/?p=13965"},"modified":"2025-05-19T09:57:47","modified_gmt":"2025-05-19T12:57:47","slug":"mostra-arq-design-e-um-dos-destaques-da-indumoveis-2025","status":"publish","type":"post","link":"https:\/\/prefeitura.santarosa.rs.gov.br\/?p=13965","title":{"rendered":"Mostra Arq &#038; Design\u00a0\u00e9 um dos destaques\u00a0da Indum\u00f3veis 2025"},"content":{"rendered":"\n<figure class=\"wp-block-image size-full\"><img fetchpriority=\"high\" decoding=\"async\" width=\"860\" height=\"645\" src=\"https:\/\/prefeitura.santarosa.rs.gov.br\/wp-content\/uploads\/2025\/05\/Formato-Site-e-Portal-860X645-JPG-2025-05-19T095028.922-1.jpg\" alt=\"\" class=\"wp-image-13966\" srcset=\"https:\/\/prefeitura.santarosa.rs.gov.br\/wp-content\/uploads\/2025\/05\/Formato-Site-e-Portal-860X645-JPG-2025-05-19T095028.922-1.jpg 860w, https:\/\/prefeitura.santarosa.rs.gov.br\/wp-content\/uploads\/2025\/05\/Formato-Site-e-Portal-860X645-JPG-2025-05-19T095028.922-1-300x225.jpg 300w, https:\/\/prefeitura.santarosa.rs.gov.br\/wp-content\/uploads\/2025\/05\/Formato-Site-e-Portal-860X645-JPG-2025-05-19T095028.922-1-768x576.jpg 768w\" sizes=\"(max-width: 860px) 100vw, 860px\" \/><\/figure>\n\n\n\n<p>Um dos grandes destaques da Indum\u00f3veis 2025, que acontece at\u00e9 o dia&nbsp;<strong>25 de maio, \u00e9<\/strong>&nbsp;a&nbsp;<strong>Mostra Arq &amp; Design<\/strong>&nbsp;no&nbsp;<strong>Pavilh\u00e3o 01 do Parque de Exposi\u00e7\u00f5es<\/strong>. Com&nbsp;<strong>18 ambientes em tamanho real<\/strong>, decorados por profissionais de arquitetura e design de interiores, a mostra \u00e9 uma verdadeira vitrine de criatividade, estilo e funcionalidade. O evento re\u00fane o que h\u00e1 de mais moderno nas \u00e1reas de arquitetura e design, apresentando tend\u00eancias e solu\u00e7\u00f5es inovadoras para os mais diversos tipos de espa\u00e7os.<\/p>\n\n\n\n<p>Al\u00e9m de encantar o p\u00fablico com propostas arrojadas e inspiradoras, a Mostra Arq &amp; Design tamb\u00e9m tem como miss\u00e3o&nbsp;<strong>valorizar os profissionais da arquitetura e do design de interiores<\/strong>, refor\u00e7ando a import\u00e2ncia&nbsp;da cria\u00e7\u00e3o de ambientes que aliam beleza, conforto e praticidade. O&nbsp;Prefeito&nbsp;<strong>Anderson Mantei<\/strong>, que j\u00e1 visitou a mostra, destacou a experi\u00eancia,&nbsp;\u201c\u00c9 um espa\u00e7o que re\u00fane tudo o que h\u00e1 de mais moderno nas \u00e1reas de arquitetura e design de interiores, al\u00e9m de apresentar de forma criativa as principais tend\u00eancias desses segmentos.&nbsp;Com certeza vale a pena conferir esta grande atra\u00e7\u00e3o da Indum\u00f3veis 2025\u201d.<\/p>\n\n\n\n<p>A&nbsp;feira&nbsp;conta com a participa\u00e7\u00e3o de&nbsp;<strong>120 expositores<\/strong>&nbsp;e promete surpreender os visitantes com experi\u00eancias imersivas e cheias de personalidade. Para acessar o parque, o valor do ingresso \u00e9 de&nbsp;<strong>R$ 5<\/strong>, e para visitar a Mostra Arq &amp; Design \u00e9 necess\u00e1rio adquirir ingresso adicional de&nbsp;<strong>R$ 10 por dia<\/strong>.<\/p>\n\n\n\n<p><\/p>\n","protected":false},"excerpt":{"rendered":"<p>Um dos grandes destaques da Indum\u00f3veis 2025, que acontece at\u00e9 o dia&nbsp;25 de maio, \u00e9&nbsp;a&nbsp;Mostra Arq &amp; Design&nbsp;no&nbsp;Pavilh\u00e3o 01 do<\/p>\n","protected":false},"author":12,"featured_media":13967,"comment_status":"closed","ping_status":"closed","sticky":false,"template":"","format":"standard","meta":{"footnotes":""},"categories":[4,15],"tags":[],"class_list":["post-13965","post","type-post","status-publish","format-standard","has-post-thumbnail","hentry","category-noticias","category-secretaria-municipal-de-comunicacao"],"aioseo_notices":[],"_links":{"self":[{"href":"https:\/\/prefeitura.santarosa.rs.gov.br\/index.php?rest_route=\/wp\/v2\/posts\/13965","targetHints":{"allow":["GET"]}}],"collection":[{"href":"https:\/\/prefeitura.santarosa.rs.gov.br\/index.php?rest_route=\/wp\/v2\/posts"}],"about":[{"href":"https:\/\/prefeitura.santarosa.rs.gov.br\/index.php?rest_route=\/wp\/v2\/types\/post"}],"author":[{"embeddable":true,"href":"https:\/\/prefeitura.santarosa.rs.gov.br\/index.php?rest_route=\/wp\/v2\/users\/12"}],"replies":[{"embeddable":true,"href":"https:\/\/prefeitura.santarosa.rs.gov.br\/index.php?rest_route=%2Fwp%2Fv2%2Fcomments&post=13965"}],"version-history":[{"count":1,"href":"https:\/\/prefeitura.santarosa.rs.gov.br\/index.php?rest_route=\/wp\/v2\/posts\/13965\/revisions"}],"predecessor-version":[{"id":13968,"href":"https:\/\/prefeitura.santarosa.rs.gov.br\/index.php?rest_route=\/wp\/v2\/posts\/13965\/revisions\/13968"}],"wp:featuredmedia":[{"embeddable":true,"href":"https:\/\/prefeitura.santarosa.rs.gov.br\/index.php?rest_route=\/wp\/v2\/media\/13967"}],"wp:attachment":[{"href":"https:\/\/prefeitura.santarosa.rs.gov.br\/index.php?rest_route=%2Fwp%2Fv2%2Fmedia&parent=13965"}],"wp:term":[{"taxonomy":"category","embeddable":true,"href":"https:\/\/prefeitura.santarosa.rs.gov.br\/index.php?rest_route=%2Fwp%2Fv2%2Fcategories&post=13965"},{"taxonomy":"post_tag","embeddable":true,"href":"https:\/\/prefeitura.santarosa.rs.gov.br\/index.php?rest_route=%2Fwp%2Fv2%2Ftags&post=13965"}],"curies":[{"name":"wp","href":"https:\/\/api.w.org\/{rel}","templated":true}]}}