{"id":13957,"date":"2025-05-17T11:47:30","date_gmt":"2025-05-17T14:47:30","guid":{"rendered":"https:\/\/prefeitura.santarosa.rs.gov.br\/?p=13957"},"modified":"2025-05-17T11:47:31","modified_gmt":"2025-05-17T14:47:31","slug":"indumoveis-2025-tem-abertura-oficial-com-presenca-de-autoridades-e-grande-expectativa-de-publico","status":"publish","type":"post","link":"https:\/\/prefeitura.santarosa.rs.gov.br\/?p=13957","title":{"rendered":"Indum\u00f3veis 2025 tem abertura oficial com presen\u00e7a de autoridades e grande expectativa de p\u00fablico"},"content":{"rendered":"\n<figure class=\"wp-block-image size-full\"><img fetchpriority=\"high\" decoding=\"async\" width=\"860\" height=\"645\" src=\"https:\/\/prefeitura.santarosa.rs.gov.br\/wp-content\/uploads\/2025\/05\/Formato-Site-e-Portal-860X645-JPG-2.jpg\" alt=\"\" class=\"wp-image-13958\" srcset=\"https:\/\/prefeitura.santarosa.rs.gov.br\/wp-content\/uploads\/2025\/05\/Formato-Site-e-Portal-860X645-JPG-2.jpg 860w, https:\/\/prefeitura.santarosa.rs.gov.br\/wp-content\/uploads\/2025\/05\/Formato-Site-e-Portal-860X645-JPG-2-300x225.jpg 300w, https:\/\/prefeitura.santarosa.rs.gov.br\/wp-content\/uploads\/2025\/05\/Formato-Site-e-Portal-860X645-JPG-2-768x576.jpg 768w\" sizes=\"(max-width: 860px) 100vw, 860px\" \/><\/figure>\n\n\n\n<p>A 9\u00aa edi\u00e7\u00e3o da Indum\u00f3veis teve sua abertura oficial realizada nesta&nbsp;sexta-feira (16), marcando o in\u00edcio de um dos maiores eventos do setor de constru\u00e7\u00e3o civil, arquitetura, design e mobili\u00e1rio do Rio Grande do Sul. A cerim\u00f4nia ocorreu \u00e0s 19h no Parque Municipal de Exposi\u00e7\u00f5es de Santa Rosa e contou com a presen\u00e7a do governador em exerc\u00edcio do RS, Gabriel Souza&nbsp;e do Deputado Estadual Alo\u00edsio Classmann (representando a Assembleia Legislativa do RS), al\u00e9m de diversas autoridades e lideran\u00e7as&nbsp;da regi\u00e3o Noroeste.&nbsp;A noite foi tamb\u00e9m abrilhantada com apresenta\u00e7\u00f5es da Orquestra Jovem Santa Rosa.&nbsp;O evento inicia com grandes expectativas. A previs\u00e3o \u00e9 de receber 50 mil visitantes durante os 10 dias de feira.<\/p>\n\n\n\n<p>Os port\u00f5es foram abertos ao p\u00fablico \u00e0s 16h, dando in\u00edcio a uma programa\u00e7\u00e3o intensa que se estender\u00e1 at\u00e9 o dia\u00a025 de maio. A edi\u00e7\u00e3o de 2025 re\u00fane 120 expositores e apresenta 18 ambientes na Mostra Arq &amp; Design, al\u00e9m de \u00e1reas dedicadas \u00e0 gastronomia, oficinas, palestras e exposi\u00e7\u00f5es tem\u00e1ticas. Durante o evento de abertura, Gabriel Souza participou tamb\u00e9m de um painel especial, onde discutiu o tema\u00a0\u201cA\u00e7\u00f5es e an\u00fancios para o desenvolvimento da regi\u00e3o Noroeste\u201d, refor\u00e7ando a import\u00e2ncia estrat\u00e9gica da Indum\u00f3veis para o crescimento regional.\u00a0Ap\u00f3s o painel, foi assinado um atestado de viabilidade que autoriza a implanta\u00e7\u00e3o de um trevo no trecho de acesso ao Distrito Industrial Ulrich Mask na RSC-472. O documento foi trazido por Gabriel e pelo diretor-geral do DAER, Luciano Faustino da Silva. Essa havia sido uma demanda levada pelo Prefeito Mantei ao Governo do Estado e ao DAER.<\/p>\n\n\n\n<p>O Prefeito Anderson&nbsp;durante sua fala, agradeceu o apoio do Governo Estadual e parabenizou a organiza\u00e7\u00e3o da feira, enaltecendo o impacto positivo do evento para toda a regi\u00e3o, \u201cA Indum\u00f3veis \u00e9 a grande vitrine da constru\u00e7\u00e3o civil, arquitetura e desenvolvimento econ\u00f4mico. A comunidade regional vivenciar\u00e1 10 dias com agendas intensas no parque\u201d. Anderson tamb\u00e9m aproveitou a oportunidade e entregou nas m\u00e3os do governador em exerc\u00edcio, um protocolo solicitando a aprova\u00e7\u00e3o do projeto de pavimenta\u00e7\u00e3o asf\u00e1ltica da rodovia RS-162, que liga&nbsp;Santa&nbsp;Rosa,&nbsp;Senador Salgado&nbsp;Filho e Guarani das&nbsp;Miss\u00f5es.&nbsp;O prefeito pede a aprova\u00e7\u00e3o definitiva para buscar recursos&nbsp;e&nbsp;executar as obras.<\/p>\n\n\n\n<p>Realizada com o esfor\u00e7o conjunto de volunt\u00e1rios, empres\u00e1rios e lideran\u00e7as locais, a Indum\u00f3veis consolida-se como um importante motor de fomento \u00e0 economia do Noroeste ga\u00facho, valorizando os setores de engenharia, arquitetura, design e constru\u00e7\u00e3o civil. Presidida pela arquiteta e urbanista\u00a0Luciana Locatelli, a feira envolve dezenas de volunt\u00e1rios e patrocinadores, \u201cA Indum\u00f3veis oportunizar\u00e1 novas experi\u00eancias para todos, tanto em neg\u00f3cios quanto em tend\u00eancias. Nossos volunt\u00e1rios realizam um grande trabalho e, junto com nossos expositores, montamos espa\u00e7os encantadores para te receber\u201d, destacou Luciana.<\/p>\n\n\n\n<p>Neste final de semana, a feira\u00a0ir\u00e1\u00a0funcionar das 10h \u00e0s 22h. Os ingressos t\u00eam valor de R$ 5, e o p\u00fablico poder\u00e1 conferir uma programa\u00e7\u00e3o diversificada com cinco eventos especiais:\u00a0Mostra Arq &amp; Design\u00a0(com ingresso no valor de R$ 10 por dia), Concurso de Design, Sal\u00e3o do Im\u00f3vel, Espa\u00e7o M\u00e3o na Massa e uma Gincana interativa. O parque conta ainda com estrutura completa de alimenta\u00e7\u00e3o e espa\u00e7o kids.<\/p>\n\n\n\n<p><\/p>\n","protected":false},"excerpt":{"rendered":"<p>A 9\u00aa edi\u00e7\u00e3o da Indum\u00f3veis teve sua abertura oficial realizada nesta&nbsp;sexta-feira (16), marcando o in\u00edcio de um dos maiores eventos<\/p>\n","protected":false},"author":6,"featured_media":13959,"comment_status":"closed","ping_status":"closed","sticky":false,"template":"","format":"standard","meta":{"footnotes":""},"categories":[4,3],"tags":[],"class_list":["post-13957","post","type-post","status-publish","format-standard","has-post-thumbnail","hentry","category-noticias","category-gabinete-do-prefeito"],"aioseo_notices":[],"_links":{"self":[{"href":"https:\/\/prefeitura.santarosa.rs.gov.br\/index.php?rest_route=\/wp\/v2\/posts\/13957","targetHints":{"allow":["GET"]}}],"collection":[{"href":"https:\/\/prefeitura.santarosa.rs.gov.br\/index.php?rest_route=\/wp\/v2\/posts"}],"about":[{"href":"https:\/\/prefeitura.santarosa.rs.gov.br\/index.php?rest_route=\/wp\/v2\/types\/post"}],"author":[{"embeddable":true,"href":"https:\/\/prefeitura.santarosa.rs.gov.br\/index.php?rest_route=\/wp\/v2\/users\/6"}],"replies":[{"embeddable":true,"href":"https:\/\/prefeitura.santarosa.rs.gov.br\/index.php?rest_route=%2Fwp%2Fv2%2Fcomments&post=13957"}],"version-history":[{"count":1,"href":"https:\/\/prefeitura.santarosa.rs.gov.br\/index.php?rest_route=\/wp\/v2\/posts\/13957\/revisions"}],"predecessor-version":[{"id":13960,"href":"https:\/\/prefeitura.santarosa.rs.gov.br\/index.php?rest_route=\/wp\/v2\/posts\/13957\/revisions\/13960"}],"wp:featuredmedia":[{"embeddable":true,"href":"https:\/\/prefeitura.santarosa.rs.gov.br\/index.php?rest_route=\/wp\/v2\/media\/13959"}],"wp:attachment":[{"href":"https:\/\/prefeitura.santarosa.rs.gov.br\/index.php?rest_route=%2Fwp%2Fv2%2Fmedia&parent=13957"}],"wp:term":[{"taxonomy":"category","embeddable":true,"href":"https:\/\/prefeitura.santarosa.rs.gov.br\/index.php?rest_route=%2Fwp%2Fv2%2Fcategories&post=13957"},{"taxonomy":"post_tag","embeddable":true,"href":"https:\/\/prefeitura.santarosa.rs.gov.br\/index.php?rest_route=%2Fwp%2Fv2%2Ftags&post=13957"}],"curies":[{"name":"wp","href":"https:\/\/api.w.org\/{rel}","templated":true}]}}