{"id":13944,"date":"2025-05-15T16:53:50","date_gmt":"2025-05-15T19:53:50","guid":{"rendered":"https:\/\/prefeitura.santarosa.rs.gov.br\/?p=13944"},"modified":"2025-05-15T16:53:50","modified_gmt":"2025-05-15T19:53:50","slug":"santa-rosa-e-homenageada-em-seminario-estadual-de-desenvolvimento-social","status":"publish","type":"post","link":"https:\/\/prefeitura.santarosa.rs.gov.br\/?p=13944","title":{"rendered":"Santa Rosa \u00e9 homenageada em Semin\u00e1rio Estadual de Desenvolvimento Social"},"content":{"rendered":"\n<figure class=\"wp-block-image size-full\"><img fetchpriority=\"high\" decoding=\"async\" width=\"860\" height=\"645\" src=\"https:\/\/prefeitura.santarosa.rs.gov.br\/wp-content\/uploads\/2025\/05\/Formato-Site-e-Portal-860X645-JPG-2025-05-15T164820.061.jpg\" alt=\"\" class=\"wp-image-13945\" srcset=\"https:\/\/prefeitura.santarosa.rs.gov.br\/wp-content\/uploads\/2025\/05\/Formato-Site-e-Portal-860X645-JPG-2025-05-15T164820.061.jpg 860w, https:\/\/prefeitura.santarosa.rs.gov.br\/wp-content\/uploads\/2025\/05\/Formato-Site-e-Portal-860X645-JPG-2025-05-15T164820.061-300x225.jpg 300w, https:\/\/prefeitura.santarosa.rs.gov.br\/wp-content\/uploads\/2025\/05\/Formato-Site-e-Portal-860X645-JPG-2025-05-15T164820.061-768x576.jpg 768w\" sizes=\"(max-width: 860px) 100vw, 860px\" \/><\/figure>\n\n\n\n<p>Entre os dias 12 e 14 de maio, a Prefeitura de Santa Rosa, por meio da Secretaria de Desenvolvimento Social, marcou presen\u00e7a no II Semin\u00e1rio de Desenvolvimento Social do Rio Grande do Sul, realizado em Restinga S\u00eaca. Representada pela Secret\u00e1ria Rita Strasser e equipe t\u00e9cnica, a cidade integrou debates sobre o fortalecimento das pol\u00edticas p\u00fablicas de assist\u00eancia social no Estado.<\/p>\n\n\n\n<p>A programa\u00e7\u00e3o envolveu palestras, oficinas e rodas de conversa sobre temas como: estrat\u00e9gias de inclus\u00e3o socioprodutiva, combate ao trabalho infantil, acolhimento de migrantes, uso dos recursos do IGD-PBF, inova\u00e7\u00e3o no Cadastro \u00danico, gest\u00e3o em contextos de calamidade e muito mais. Durante o evento, Rita Strasser foi homenageada como representante da gest\u00e3o municipal no Colegiado Estadual de Gestores Municipais de Assist\u00eancia Social (Coegemas\/RS), reconhecimento pelo trabalho desenvolvido em Santa Rosa na consolida\u00e7\u00e3o do Sistema \u00danico de Assist\u00eancia Social (SUAS), \u201cEssa homenagem representa o esfor\u00e7o coletivo da nossa equipe e o compromisso de Santa Rosa com uma pol\u00edtica p\u00fablica que respeita, acolhe e transforma vidas\u201d, destacou a secret\u00e1ria.<\/p>\n\n\n\n<p>Durante o semin\u00e1rio, Rita tamb\u00e9m teve a oportunidade de dialogar com representantes do Minist\u00e9rio do Desenvolvimento e Assist\u00eancia Social, Fam\u00edlia e Combate \u00e0 Fome (MDS), al\u00e9m de trocar experi\u00eancias com outros munic\u00edpios sobre pr\u00e1ticas e desafios na execu\u00e7\u00e3o dos servi\u00e7os socioassistenciais.<\/p>\n","protected":false},"excerpt":{"rendered":"<p>Entre os dias 12 e 14 de maio, a Prefeitura de Santa Rosa, por meio da Secretaria de Desenvolvimento Social,<\/p>\n","protected":false},"author":6,"featured_media":13946,"comment_status":"closed","ping_status":"closed","sticky":false,"template":"","format":"standard","meta":{"footnotes":""},"categories":[4,17],"tags":[],"class_list":["post-13944","post","type-post","status-publish","format-standard","has-post-thumbnail","hentry","category-noticias","category-secretaria-municipal-de-desenvolvimento-social"],"aioseo_notices":[],"_links":{"self":[{"href":"https:\/\/prefeitura.santarosa.rs.gov.br\/index.php?rest_route=\/wp\/v2\/posts\/13944","targetHints":{"allow":["GET"]}}],"collection":[{"href":"https:\/\/prefeitura.santarosa.rs.gov.br\/index.php?rest_route=\/wp\/v2\/posts"}],"about":[{"href":"https:\/\/prefeitura.santarosa.rs.gov.br\/index.php?rest_route=\/wp\/v2\/types\/post"}],"author":[{"embeddable":true,"href":"https:\/\/prefeitura.santarosa.rs.gov.br\/index.php?rest_route=\/wp\/v2\/users\/6"}],"replies":[{"embeddable":true,"href":"https:\/\/prefeitura.santarosa.rs.gov.br\/index.php?rest_route=%2Fwp%2Fv2%2Fcomments&post=13944"}],"version-history":[{"count":1,"href":"https:\/\/prefeitura.santarosa.rs.gov.br\/index.php?rest_route=\/wp\/v2\/posts\/13944\/revisions"}],"predecessor-version":[{"id":13947,"href":"https:\/\/prefeitura.santarosa.rs.gov.br\/index.php?rest_route=\/wp\/v2\/posts\/13944\/revisions\/13947"}],"wp:featuredmedia":[{"embeddable":true,"href":"https:\/\/prefeitura.santarosa.rs.gov.br\/index.php?rest_route=\/wp\/v2\/media\/13946"}],"wp:attachment":[{"href":"https:\/\/prefeitura.santarosa.rs.gov.br\/index.php?rest_route=%2Fwp%2Fv2%2Fmedia&parent=13944"}],"wp:term":[{"taxonomy":"category","embeddable":true,"href":"https:\/\/prefeitura.santarosa.rs.gov.br\/index.php?rest_route=%2Fwp%2Fv2%2Fcategories&post=13944"},{"taxonomy":"post_tag","embeddable":true,"href":"https:\/\/prefeitura.santarosa.rs.gov.br\/index.php?rest_route=%2Fwp%2Fv2%2Ftags&post=13944"}],"curies":[{"name":"wp","href":"https:\/\/api.w.org\/{rel}","templated":true}]}}