{"id":13940,"date":"2025-05-15T10:36:40","date_gmt":"2025-05-15T13:36:40","guid":{"rendered":"https:\/\/prefeitura.santarosa.rs.gov.br\/?p=13940"},"modified":"2025-05-15T10:36:40","modified_gmt":"2025-05-15T13:36:40","slug":"fumssar-busca-novos-recursos-para-o-hemocentro-de-santa-rosa-durante-agendas-estrategicas-em-porto-alegre","status":"publish","type":"post","link":"https:\/\/prefeitura.santarosa.rs.gov.br\/?p=13940","title":{"rendered":"FUMSSAR busca novos recursos para o Hemocentro de Santa Rosa durante agendas estrat\u00e9gicas em Porto Alegre"},"content":{"rendered":"\n<figure class=\"wp-block-image size-full\"><img fetchpriority=\"high\" decoding=\"async\" width=\"860\" height=\"645\" src=\"https:\/\/prefeitura.santarosa.rs.gov.br\/wp-content\/uploads\/2025\/05\/Formato-Site-e-Portal-860X645-JPG-2025-05-15T103456.379.jpg\" alt=\"\" class=\"wp-image-13941\" srcset=\"https:\/\/prefeitura.santarosa.rs.gov.br\/wp-content\/uploads\/2025\/05\/Formato-Site-e-Portal-860X645-JPG-2025-05-15T103456.379.jpg 860w, https:\/\/prefeitura.santarosa.rs.gov.br\/wp-content\/uploads\/2025\/05\/Formato-Site-e-Portal-860X645-JPG-2025-05-15T103456.379-300x225.jpg 300w, https:\/\/prefeitura.santarosa.rs.gov.br\/wp-content\/uploads\/2025\/05\/Formato-Site-e-Portal-860X645-JPG-2025-05-15T103456.379-768x576.jpg 768w\" sizes=\"(max-width: 860px) 100vw, 860px\" \/><\/figure>\n\n\n\n<p>O presidente da Funda\u00e7\u00e3o Municipal de Sa\u00fade de Santa Rosa (FUMSSAR), D\u00e9lcio Stefan, esteve em Porto Alegre nos dias 13 e 14 de maio para cumprir uma s\u00e9rie de compromissos institucionais estrat\u00e9gicos voltados ao fortalecimento da sa\u00fade p\u00fablica, com destaque para a articula\u00e7\u00e3o de novos recursos ao Hemocentro de Santa Rosa.<\/p>\n\n\n\n<p>Entre os compromissos, a reuni\u00e3o com a diretora do Hemocentro Estadual, K\u00e1tia Brodt, teve papel central. O encontro teve como foco a amplia\u00e7\u00e3o dos recursos financeiros para o Hemocentro de Santa Rosa, especialmente diante da implanta\u00e7\u00e3o do novo Servi\u00e7o de Cardiologia no munic\u00edpio, \u201cA amplia\u00e7\u00e3o de investimentos para o Hemocentro \u00e9 fundamental para qualificar o atendimento \u00e0 popula\u00e7\u00e3o e fortalecer os servi\u00e7os de alta complexidade que estamos estruturando em Santa Rosa\u201d, destacou Stefan.<\/p>\n\n\n\n<p>Al\u00e9m dessa agenda priorit\u00e1ria, o presidente da FUMSSAR participou da Reuni\u00e3o da Comiss\u00e3o Intergestores Bipartite (CIB), da SETEC e do Conselho das Secretarias Municipais de Sa\u00fade do RS (Cosems\/RS), onde foram discutidos temas relevantes para a sa\u00fade regional, como os avan\u00e7os na Rede Alyne, voltada ao cuidado materno-infantil, e a pactua\u00e7\u00e3o de recursos para os servi\u00e7os de Traumatologia de alta complexidade. Tamb\u00e9m foi apresentado pela Secretaria Estadual da Sa\u00fade o plano de distribui\u00e7\u00e3o de R$ 20 milh\u00f5es para refor\u00e7o de unidades de sa\u00fade, pronto atendimentos e UPAs durante o inverno.<\/p>\n\n\n\n<p>Al\u00e9m disso, D\u00e9lcio tamb\u00e9m participou do lan\u00e7amento da campanha do Cosems\/RS em defesa da aplica\u00e7\u00e3o efetiva dos 12% constitucionais do or\u00e7amento estadual na sa\u00fade, e esteve em uma audi\u00eancia com a Secret\u00e1ria Estadual de Sa\u00fade, Arita Bergmann, reafirmando o compromisso da FUMSSAR em alinhar a\u00e7\u00f5es estrat\u00e9gicas com o Estado.<\/p>\n","protected":false},"excerpt":{"rendered":"<p>O presidente da Funda\u00e7\u00e3o Municipal de Sa\u00fade de Santa Rosa (FUMSSAR), D\u00e9lcio Stefan, esteve em Porto Alegre nos dias 13<\/p>\n","protected":false},"author":12,"featured_media":13942,"comment_status":"closed","ping_status":"closed","sticky":false,"template":"","format":"standard","meta":{"footnotes":""},"categories":[4,8],"tags":[],"class_list":["post-13940","post","type-post","status-publish","format-standard","has-post-thumbnail","hentry","category-noticias","category-noticias-fumssar"],"aioseo_notices":[],"_links":{"self":[{"href":"https:\/\/prefeitura.santarosa.rs.gov.br\/index.php?rest_route=\/wp\/v2\/posts\/13940","targetHints":{"allow":["GET"]}}],"collection":[{"href":"https:\/\/prefeitura.santarosa.rs.gov.br\/index.php?rest_route=\/wp\/v2\/posts"}],"about":[{"href":"https:\/\/prefeitura.santarosa.rs.gov.br\/index.php?rest_route=\/wp\/v2\/types\/post"}],"author":[{"embeddable":true,"href":"https:\/\/prefeitura.santarosa.rs.gov.br\/index.php?rest_route=\/wp\/v2\/users\/12"}],"replies":[{"embeddable":true,"href":"https:\/\/prefeitura.santarosa.rs.gov.br\/index.php?rest_route=%2Fwp%2Fv2%2Fcomments&post=13940"}],"version-history":[{"count":1,"href":"https:\/\/prefeitura.santarosa.rs.gov.br\/index.php?rest_route=\/wp\/v2\/posts\/13940\/revisions"}],"predecessor-version":[{"id":13943,"href":"https:\/\/prefeitura.santarosa.rs.gov.br\/index.php?rest_route=\/wp\/v2\/posts\/13940\/revisions\/13943"}],"wp:featuredmedia":[{"embeddable":true,"href":"https:\/\/prefeitura.santarosa.rs.gov.br\/index.php?rest_route=\/wp\/v2\/media\/13942"}],"wp:attachment":[{"href":"https:\/\/prefeitura.santarosa.rs.gov.br\/index.php?rest_route=%2Fwp%2Fv2%2Fmedia&parent=13940"}],"wp:term":[{"taxonomy":"category","embeddable":true,"href":"https:\/\/prefeitura.santarosa.rs.gov.br\/index.php?rest_route=%2Fwp%2Fv2%2Fcategories&post=13940"},{"taxonomy":"post_tag","embeddable":true,"href":"https:\/\/prefeitura.santarosa.rs.gov.br\/index.php?rest_route=%2Fwp%2Fv2%2Ftags&post=13940"}],"curies":[{"name":"wp","href":"https:\/\/api.w.org\/{rel}","templated":true}]}}