{"id":13936,"date":"2025-05-15T10:12:50","date_gmt":"2025-05-15T13:12:50","guid":{"rendered":"https:\/\/prefeitura.santarosa.rs.gov.br\/?p=13936"},"modified":"2025-05-15T10:17:50","modified_gmt":"2025-05-15T13:17:50","slug":"comunicado-departamento-de-cultura","status":"publish","type":"post","link":"https:\/\/prefeitura.santarosa.rs.gov.br\/?p=13936","title":{"rendered":"Comunicado: Departamento de Cultura"},"content":{"rendered":"\n<figure class=\"wp-block-image size-full\"><img fetchpriority=\"high\" decoding=\"async\" width=\"860\" height=\"645\" src=\"https:\/\/prefeitura.santarosa.rs.gov.br\/wp-content\/uploads\/2025\/05\/Formato-Site-e-Portal-860X645-JPG-2025-05-15T101044.048.jpg\" alt=\"\" class=\"wp-image-13937\" srcset=\"https:\/\/prefeitura.santarosa.rs.gov.br\/wp-content\/uploads\/2025\/05\/Formato-Site-e-Portal-860X645-JPG-2025-05-15T101044.048.jpg 860w, https:\/\/prefeitura.santarosa.rs.gov.br\/wp-content\/uploads\/2025\/05\/Formato-Site-e-Portal-860X645-JPG-2025-05-15T101044.048-300x225.jpg 300w, https:\/\/prefeitura.santarosa.rs.gov.br\/wp-content\/uploads\/2025\/05\/Formato-Site-e-Portal-860X645-JPG-2025-05-15T101044.048-768x576.jpg 768w\" sizes=\"(max-width: 860px) 100vw, 860px\" \/><\/figure>\n\n\n\n<p>A Prefeitura informa que o atendimento do Departamento de Cultura foi transferido para o Pal\u00e1cio Municipal 14 de Julho, sede da Prefeitura de Santa Rosa, junto \u00e0 Secretaria de Educa\u00e7\u00e3o e Cultura.<\/p>\n\n\n\n<p>Endere\u00e7o: Av. Expedicion\u00e1rio Weber, 2983, bairro Cruzeiro<\/p>\n\n\n\n<p>Hor\u00e1rio: das 07h30min \u00e0s 11h30min e das 13h30min \u00e0s 17h30min<\/p>\n","protected":false},"excerpt":{"rendered":"<p>A Prefeitura informa que o atendimento do Departamento de Cultura foi transferido para o Pal\u00e1cio Municipal 14 de Julho, sede<\/p>\n","protected":false},"author":12,"featured_media":13938,"comment_status":"closed","ping_status":"closed","sticky":false,"template":"","format":"standard","meta":{"footnotes":""},"categories":[4,18],"tags":[],"class_list":["post-13936","post","type-post","status-publish","format-standard","has-post-thumbnail","hentry","category-noticias","category-secretaria-municipal-de-educacao-e-cultura"],"aioseo_notices":[],"_links":{"self":[{"href":"https:\/\/prefeitura.santarosa.rs.gov.br\/index.php?rest_route=\/wp\/v2\/posts\/13936","targetHints":{"allow":["GET"]}}],"collection":[{"href":"https:\/\/prefeitura.santarosa.rs.gov.br\/index.php?rest_route=\/wp\/v2\/posts"}],"about":[{"href":"https:\/\/prefeitura.santarosa.rs.gov.br\/index.php?rest_route=\/wp\/v2\/types\/post"}],"author":[{"embeddable":true,"href":"https:\/\/prefeitura.santarosa.rs.gov.br\/index.php?rest_route=\/wp\/v2\/users\/12"}],"replies":[{"embeddable":true,"href":"https:\/\/prefeitura.santarosa.rs.gov.br\/index.php?rest_route=%2Fwp%2Fv2%2Fcomments&post=13936"}],"version-history":[{"count":1,"href":"https:\/\/prefeitura.santarosa.rs.gov.br\/index.php?rest_route=\/wp\/v2\/posts\/13936\/revisions"}],"predecessor-version":[{"id":13939,"href":"https:\/\/prefeitura.santarosa.rs.gov.br\/index.php?rest_route=\/wp\/v2\/posts\/13936\/revisions\/13939"}],"wp:featuredmedia":[{"embeddable":true,"href":"https:\/\/prefeitura.santarosa.rs.gov.br\/index.php?rest_route=\/wp\/v2\/media\/13938"}],"wp:attachment":[{"href":"https:\/\/prefeitura.santarosa.rs.gov.br\/index.php?rest_route=%2Fwp%2Fv2%2Fmedia&parent=13936"}],"wp:term":[{"taxonomy":"category","embeddable":true,"href":"https:\/\/prefeitura.santarosa.rs.gov.br\/index.php?rest_route=%2Fwp%2Fv2%2Fcategories&post=13936"},{"taxonomy":"post_tag","embeddable":true,"href":"https:\/\/prefeitura.santarosa.rs.gov.br\/index.php?rest_route=%2Fwp%2Fv2%2Ftags&post=13936"}],"curies":[{"name":"wp","href":"https:\/\/api.w.org\/{rel}","templated":true}]}}