{"id":13930,"date":"2025-05-14T17:27:04","date_gmt":"2025-05-14T20:27:04","guid":{"rendered":"https:\/\/prefeitura.santarosa.rs.gov.br\/?p=13930"},"modified":"2025-05-15T07:52:06","modified_gmt":"2025-05-15T10:52:06","slug":"prefeitura-de-santa-rosa-destaca-corrida-do-sesi-2025-e-incentiva-a-participacao-da-comunidade","status":"publish","type":"post","link":"https:\/\/prefeitura.santarosa.rs.gov.br\/?p=13930","title":{"rendered":"Prefeitura de Santa Rosa destaca Corrida do SESI 2025 e incentiva a participa\u00e7\u00e3o da comunidade"},"content":{"rendered":"\n<figure class=\"wp-block-image size-full\"><img fetchpriority=\"high\" decoding=\"async\" width=\"860\" height=\"645\" src=\"https:\/\/prefeitura.santarosa.rs.gov.br\/wp-content\/uploads\/2025\/05\/Formato-Site-e-Portal-860X645-JPG-2025-05-14T172447.444.jpg\" alt=\"\" class=\"wp-image-13931\" srcset=\"https:\/\/prefeitura.santarosa.rs.gov.br\/wp-content\/uploads\/2025\/05\/Formato-Site-e-Portal-860X645-JPG-2025-05-14T172447.444.jpg 860w, https:\/\/prefeitura.santarosa.rs.gov.br\/wp-content\/uploads\/2025\/05\/Formato-Site-e-Portal-860X645-JPG-2025-05-14T172447.444-300x225.jpg 300w, https:\/\/prefeitura.santarosa.rs.gov.br\/wp-content\/uploads\/2025\/05\/Formato-Site-e-Portal-860X645-JPG-2025-05-14T172447.444-768x576.jpg 768w\" sizes=\"(max-width: 860px) 100vw, 860px\" \/><\/figure>\n\n\n\n<p>A Prefeitura de Santa Rosa, por meio da Secretaria de Esporte, refor\u00e7a o convite para a comunidade santa-rosense participar da Corrida do SESI 2025. O evento ser\u00e1 realizado no dia 25 de maio (domingo), a partir das 08h30min, com largada no Pavilh\u00e3o da Oktoberfest, no Bairro Central. As inscri\u00e7\u00f5es seguem abertas e podem ser feitas at\u00e9 esta sexta-feira, dia 16 de maio, \u00e0s 16 horas, no site corridadosesi.sesirs.org.br. A a\u00e7\u00e3o conta com percursos de 5 km e 10 km de corrida, al\u00e9m de 5 km de caminhada, sendo acess\u00edvel a diferentes perfis de participantes. A taxa de inscri\u00e7\u00e3o \u00e9 a partir de R$ 65.<\/p>\n\n\n\n<p>Mais do que uma competi\u00e7\u00e3o, a Corrida do SESI \u00e9 um movimento que une esporte e solidariedade. O valor arrecadado com as inscri\u00e7\u00f5es ser\u00e1 100% revertido ao Banco de Alimentos do Rio Grande do Sul, contribuindo diretamente com fam\u00edlias em situa\u00e7\u00e3o de vulnerabilidade. Para o Secret\u00e1rio de Esporte, Cauh\u00e3 Pereira da Silva, a realiza\u00e7\u00e3o do evento em Santa Rosa representa mais um passo importante na valoriza\u00e7\u00e3o do esporte como pol\u00edtica p\u00fablica, \u201cEventos como este refor\u00e7am o papel transformador do esporte em nossa cidade, promovendo bem-estar e solidariedade entre os cidad\u00e3os\u201d.<\/p>\n\n\n\n<p>Todos os participantes receber\u00e3o um kit especial contendo camiseta, sacobag e medalha ao final da prova. A Corrida do SESI conta com o apoio da Prefeitura de Santa Rosa, da FENASOJA, e \u00e9 uma realiza\u00e7\u00e3o do Sistema FIERGS e SESI-RS.<\/p>\n","protected":false},"excerpt":{"rendered":"<p>A Prefeitura de Santa Rosa, por meio da Secretaria de Esporte, refor\u00e7a o convite para a comunidade santa-rosense participar da<\/p>\n","protected":false},"author":12,"featured_media":13932,"comment_status":"closed","ping_status":"closed","sticky":false,"template":"","format":"standard","meta":{"footnotes":""},"categories":[4,19],"tags":[],"class_list":["post-13930","post","type-post","status-publish","format-standard","has-post-thumbnail","hentry","category-noticias","category-secretaria-municipal-de-esporte"],"aioseo_notices":[],"_links":{"self":[{"href":"https:\/\/prefeitura.santarosa.rs.gov.br\/index.php?rest_route=\/wp\/v2\/posts\/13930","targetHints":{"allow":["GET"]}}],"collection":[{"href":"https:\/\/prefeitura.santarosa.rs.gov.br\/index.php?rest_route=\/wp\/v2\/posts"}],"about":[{"href":"https:\/\/prefeitura.santarosa.rs.gov.br\/index.php?rest_route=\/wp\/v2\/types\/post"}],"author":[{"embeddable":true,"href":"https:\/\/prefeitura.santarosa.rs.gov.br\/index.php?rest_route=\/wp\/v2\/users\/12"}],"replies":[{"embeddable":true,"href":"https:\/\/prefeitura.santarosa.rs.gov.br\/index.php?rest_route=%2Fwp%2Fv2%2Fcomments&post=13930"}],"version-history":[{"count":2,"href":"https:\/\/prefeitura.santarosa.rs.gov.br\/index.php?rest_route=\/wp\/v2\/posts\/13930\/revisions"}],"predecessor-version":[{"id":13935,"href":"https:\/\/prefeitura.santarosa.rs.gov.br\/index.php?rest_route=\/wp\/v2\/posts\/13930\/revisions\/13935"}],"wp:featuredmedia":[{"embeddable":true,"href":"https:\/\/prefeitura.santarosa.rs.gov.br\/index.php?rest_route=\/wp\/v2\/media\/13932"}],"wp:attachment":[{"href":"https:\/\/prefeitura.santarosa.rs.gov.br\/index.php?rest_route=%2Fwp%2Fv2%2Fmedia&parent=13930"}],"wp:term":[{"taxonomy":"category","embeddable":true,"href":"https:\/\/prefeitura.santarosa.rs.gov.br\/index.php?rest_route=%2Fwp%2Fv2%2Fcategories&post=13930"},{"taxonomy":"post_tag","embeddable":true,"href":"https:\/\/prefeitura.santarosa.rs.gov.br\/index.php?rest_route=%2Fwp%2Fv2%2Ftags&post=13930"}],"curies":[{"name":"wp","href":"https:\/\/api.w.org\/{rel}","templated":true}]}}