{"id":13916,"date":"2025-05-14T10:40:14","date_gmt":"2025-05-14T13:40:14","guid":{"rendered":"https:\/\/prefeitura.santarosa.rs.gov.br\/?p=13916"},"modified":"2025-05-14T11:07:09","modified_gmt":"2025-05-14T14:07:09","slug":"emef-15-de-novembro-leva-memoria-do-campo-ao-meaexposicao-as-coisas-que-importam-criada-por-estudantes-do-8o-ano-integra-o-projeto-prosas-com-a-escola-e-une-histo","status":"publish","type":"post","link":"https:\/\/prefeitura.santarosa.rs.gov.br\/?p=13916","title":{"rendered":"EMEF 15 de Novembro leva mem\u00f3ria do campo ao MEA"},"content":{"rendered":"\n<figure class=\"wp-block-image size-full\"><img fetchpriority=\"high\" decoding=\"async\" width=\"860\" height=\"645\" src=\"https:\/\/prefeitura.santarosa.rs.gov.br\/wp-content\/uploads\/2025\/05\/Formato-Site-e-Portal-860X645-JPG-2025-05-14T103749.672.jpg\" alt=\"\" class=\"wp-image-13917\" srcset=\"https:\/\/prefeitura.santarosa.rs.gov.br\/wp-content\/uploads\/2025\/05\/Formato-Site-e-Portal-860X645-JPG-2025-05-14T103749.672.jpg 860w, https:\/\/prefeitura.santarosa.rs.gov.br\/wp-content\/uploads\/2025\/05\/Formato-Site-e-Portal-860X645-JPG-2025-05-14T103749.672-300x225.jpg 300w, https:\/\/prefeitura.santarosa.rs.gov.br\/wp-content\/uploads\/2025\/05\/Formato-Site-e-Portal-860X645-JPG-2025-05-14T103749.672-768x576.jpg 768w\" sizes=\"(max-width: 860px) 100vw, 860px\" \/><\/figure>\n\n\n\n<p><em>Exposi\u00e7\u00e3o \u201cAs coisas que importam\u201d, criada por estudantes do 8\u00ba ano, integra o projeto \u201cProsas com a Escola\u201d e une hist\u00f3ria, afeto e pertencimento<\/em><\/p>\n\n\n\n<p>Os alunos dos anos finais da EMEF 15 de Novembro &#8211; Escola do Campo, de Santa Rosa, participaram, no dia 10 de maio, de uma visita ao Memorial da Evolu\u00e7\u00e3o Agr\u00edcola (MEA), em Horizontina. O destaque da atividade foi a abertura da exposi\u00e7\u00e3o \u201cAs coisas que importam\u201d, desenvolvida pelos estudantes do 8\u00ba ano durante a disciplina \u201cHist\u00f3rico do Campo\u201d. A exposi\u00e7\u00e3o integra o projeto Prosas com a Escola, selecionado por meio do Edital MEA n\u00ba 02\/2025.<\/p>\n\n\n\n<p>Em 2024, a EMEF 15 de Novembro que faz parte da Rede Municipal de Ensino passou a ser oficialmente uma Escola do Campo. A partir dessa mudan\u00e7a, iniciou tamb\u00e9m, a disciplina Hist\u00f3rico do Campo, sob coordena\u00e7\u00e3o da professora Suzana Ribeiro de Paula, com o apoio da professora Rosana Alberti. Durante as aulas, os estudantes foram incentivados a pesquisar a hist\u00f3ria de suas fam\u00edlias e propriedades, resgatando parte da mem\u00f3ria da comunidade da Linha 15 de Novembro, local que integra a Rota de Turismo de Santa Rosa e que abriga o marco inicial da semeadura da soja no Brasil.<\/p>\n\n\n\n<p>Uma das atividades propostas foi o resgate de objetos antigos pertencentes \u00e0s fam\u00edlias dos alunos. Cada estudante trouxe um item significativo e escreveu um relato explicando por que aquele pertence era considerado um bem hist\u00f3rico familiar. Os objetos foram inicialmente apresentados na escola e, posteriormente, expostos na Feira Municipal do Conhecimento. Neste ano, a escola inscreveu o projeto no edital Prosas com a Escola, promovido pelo MEA.<\/p>\n\n\n\n<p>As articuladoras do projeto, Carla Borba e Carla Elis, atuaram em parceria com a professora Suzana e a diretora C\u00e1tia Adriane Schubert Rodrigues, promovendo a curadoria dos objetos e orientando os alunos na produ\u00e7\u00e3o dos textos e das fotografias que integram a exposi\u00e7\u00e3o. A diretora da escola destacou a import\u00e2ncia da iniciativa, \u201cEste projeto valoriza aquilo que \u00e9 feito aqui na nossa escola, pelos nossos alunos, com muito amor e dedica\u00e7\u00e3o\u201d, afirmou C\u00e1tia.<\/p>\n\n\n\n<p>Os estudantes se entusiasmaram com o desafio proposto. Para Jean, aluno do 8\u00ba ano, a experi\u00eancia foi enriquecedora, \u201cFoi uma chance de descobrir a hist\u00f3ria da nossa fam\u00edlia, a origem das coisas e como elas chegaram at\u00e9 n\u00f3s\u201d. Lara, colega de turma, tamb\u00e9m destacou os aprendizados, \u201cTivemos uma experi\u00eancia muito legal e importante, que me ajudou a desenvolver minha fala em p\u00fablico e a socializar mais com as pessoas\u201d, comentou, ao lembrar da sua participa\u00e7\u00e3o como mediadora de uma pe\u00e7a hist\u00f3rica.<\/p>\n\n\n\n<p>A exposi\u00e7\u00e3o \u201cAs coisas que importam\u201d, est\u00e1 aberta para visita\u00e7\u00e3o no Ateli\u00ea Educativo do MEA, com entrada gratuita, at\u00e9 o dia 20 de junho de 2025. A expectativa \u00e9 de que a parceria entre a EMEF 15 de Novembro e o MEA continue ao longo do ano, com novas atividades, oficinas e visitas que contribuam para o fortalecimento da identidade e da hist\u00f3ria do campo.<\/p>\n","protected":false},"excerpt":{"rendered":"<p>Exposi\u00e7\u00e3o \u201cAs coisas que importam\u201d, criada por estudantes do 8\u00ba ano, integra o projeto \u201cProsas com a Escola\u201d e une<\/p>\n","protected":false},"author":12,"featured_media":13918,"comment_status":"closed","ping_status":"closed","sticky":false,"template":"","format":"standard","meta":{"footnotes":""},"categories":[4,18],"tags":[],"class_list":["post-13916","post","type-post","status-publish","format-standard","has-post-thumbnail","hentry","category-noticias","category-secretaria-municipal-de-educacao-e-cultura"],"aioseo_notices":[],"_links":{"self":[{"href":"https:\/\/prefeitura.santarosa.rs.gov.br\/index.php?rest_route=\/wp\/v2\/posts\/13916","targetHints":{"allow":["GET"]}}],"collection":[{"href":"https:\/\/prefeitura.santarosa.rs.gov.br\/index.php?rest_route=\/wp\/v2\/posts"}],"about":[{"href":"https:\/\/prefeitura.santarosa.rs.gov.br\/index.php?rest_route=\/wp\/v2\/types\/post"}],"author":[{"embeddable":true,"href":"https:\/\/prefeitura.santarosa.rs.gov.br\/index.php?rest_route=\/wp\/v2\/users\/12"}],"replies":[{"embeddable":true,"href":"https:\/\/prefeitura.santarosa.rs.gov.br\/index.php?rest_route=%2Fwp%2Fv2%2Fcomments&post=13916"}],"version-history":[{"count":2,"href":"https:\/\/prefeitura.santarosa.rs.gov.br\/index.php?rest_route=\/wp\/v2\/posts\/13916\/revisions"}],"predecessor-version":[{"id":13921,"href":"https:\/\/prefeitura.santarosa.rs.gov.br\/index.php?rest_route=\/wp\/v2\/posts\/13916\/revisions\/13921"}],"wp:featuredmedia":[{"embeddable":true,"href":"https:\/\/prefeitura.santarosa.rs.gov.br\/index.php?rest_route=\/wp\/v2\/media\/13918"}],"wp:attachment":[{"href":"https:\/\/prefeitura.santarosa.rs.gov.br\/index.php?rest_route=%2Fwp%2Fv2%2Fmedia&parent=13916"}],"wp:term":[{"taxonomy":"category","embeddable":true,"href":"https:\/\/prefeitura.santarosa.rs.gov.br\/index.php?rest_route=%2Fwp%2Fv2%2Fcategories&post=13916"},{"taxonomy":"post_tag","embeddable":true,"href":"https:\/\/prefeitura.santarosa.rs.gov.br\/index.php?rest_route=%2Fwp%2Fv2%2Ftags&post=13916"}],"curies":[{"name":"wp","href":"https:\/\/api.w.org\/{rel}","templated":true}]}}