{"id":13910,"date":"2025-05-13T16:03:33","date_gmt":"2025-05-13T19:03:33","guid":{"rendered":"https:\/\/prefeitura.santarosa.rs.gov.br\/?p=13910"},"modified":"2025-05-13T16:03:33","modified_gmt":"2025-05-13T19:03:33","slug":"programa-de-castracao-de-caes-e-gatos-avanca-no-municipio-120-procedimentos-ja-foram-realizados","status":"publish","type":"post","link":"https:\/\/prefeitura.santarosa.rs.gov.br\/?p=13910","title":{"rendered":"Programa de Castra\u00e7\u00e3o de C\u00e3es e Gatos avan\u00e7a no munic\u00edpio: 120 procedimentos j\u00e1 foram realizados"},"content":{"rendered":"\n<figure class=\"wp-block-image size-full\"><img fetchpriority=\"high\" decoding=\"async\" width=\"860\" height=\"645\" src=\"https:\/\/prefeitura.santarosa.rs.gov.br\/wp-content\/uploads\/2025\/05\/Formato-Site-e-Portal-860X645-JPG-2025-05-13T160109.130.jpg\" alt=\"\" class=\"wp-image-13911\" srcset=\"https:\/\/prefeitura.santarosa.rs.gov.br\/wp-content\/uploads\/2025\/05\/Formato-Site-e-Portal-860X645-JPG-2025-05-13T160109.130.jpg 860w, https:\/\/prefeitura.santarosa.rs.gov.br\/wp-content\/uploads\/2025\/05\/Formato-Site-e-Portal-860X645-JPG-2025-05-13T160109.130-300x225.jpg 300w, https:\/\/prefeitura.santarosa.rs.gov.br\/wp-content\/uploads\/2025\/05\/Formato-Site-e-Portal-860X645-JPG-2025-05-13T160109.130-768x576.jpg 768w\" sizes=\"(max-width: 860px) 100vw, 860px\" \/><\/figure>\n\n\n\n<p>A Prefeitura de Santa Rosa, por meio da Secretaria de Meio Ambiente, anunciou recentemente o in\u00edcio de um novo programa de castra\u00e7\u00e3o de c\u00e3es e gatos. O principal objetivo \u00e9 o controle populacional de animais no munic\u00edpio. Nesta primeira fase, foram disponibilizadas 550 castra\u00e7\u00f5es. De mar\u00e7o a maio, j\u00e1 aconteceram 120 procedimentos pelo programa, o que demonstra o avan\u00e7o na execu\u00e7\u00e3o da iniciativa.<\/p>\n\n\n\n<p>O programa oferece castra\u00e7\u00f5es gratuitas para animais de rua e abandonados, bem como para c\u00e3es e gatos f\u00eameas pertencentes a fam\u00edlias de baixa renda, que atendam aos requisitos legais estabelecidos. O Secret\u00e1rio de Meio Ambiente, Gustavo Foliatti, enfatiza a import\u00e2ncia do projeto, \u201cEste programa \u00e9 uma a\u00e7\u00e3o fundamental para a sa\u00fade p\u00fablica e bem-estar dos c\u00e3es e gatos da nossa cidade\u201d.<\/p>\n\n\n\n<p>Os interessados em participar do programa devem realizar a solicita\u00e7\u00e3o por meio do Portal do Cidad\u00e3o ou diretamente na Secretaria de Meio Ambiente. Para efetuar o cadastro, \u00e9 necess\u00e1rio apresentar os seguintes documentos: CPF e RG, comprovante de inscri\u00e7\u00e3o no Cad\u00danico e comprovante de resid\u00eancia. Ap\u00f3s a an\u00e1lise da documenta\u00e7\u00e3o, caso aprovada a solicita\u00e7\u00e3o, ser\u00e1 feito o agendamento da castra\u00e7\u00e3o diretamente com a cl\u00ednica veterin\u00e1ria credenciada.<\/p>\n\n\n\n<p>Al\u00e9m das castra\u00e7\u00f5es, a Secretaria de Meio Ambiente tamb\u00e9m distribuiu 15 casinhas, feitas em parceria com o pres\u00eddio local. As estruturas foram destinadas a c\u00e3es comunit\u00e1rios e a fam\u00edlias em situa\u00e7\u00e3o de vulnerabilidade social.<\/p>\n","protected":false},"excerpt":{"rendered":"<p>A Prefeitura de Santa Rosa, por meio da Secretaria de Meio Ambiente, anunciou recentemente o in\u00edcio de um novo programa<\/p>\n","protected":false},"author":12,"featured_media":13913,"comment_status":"closed","ping_status":"closed","sticky":false,"template":"","format":"standard","meta":{"footnotes":""},"categories":[4,20],"tags":[],"class_list":["post-13910","post","type-post","status-publish","format-standard","has-post-thumbnail","hentry","category-noticias","category-secretaria-municipal-de-meio-ambiente"],"aioseo_notices":[],"_links":{"self":[{"href":"https:\/\/prefeitura.santarosa.rs.gov.br\/index.php?rest_route=\/wp\/v2\/posts\/13910","targetHints":{"allow":["GET"]}}],"collection":[{"href":"https:\/\/prefeitura.santarosa.rs.gov.br\/index.php?rest_route=\/wp\/v2\/posts"}],"about":[{"href":"https:\/\/prefeitura.santarosa.rs.gov.br\/index.php?rest_route=\/wp\/v2\/types\/post"}],"author":[{"embeddable":true,"href":"https:\/\/prefeitura.santarosa.rs.gov.br\/index.php?rest_route=\/wp\/v2\/users\/12"}],"replies":[{"embeddable":true,"href":"https:\/\/prefeitura.santarosa.rs.gov.br\/index.php?rest_route=%2Fwp%2Fv2%2Fcomments&post=13910"}],"version-history":[{"count":1,"href":"https:\/\/prefeitura.santarosa.rs.gov.br\/index.php?rest_route=\/wp\/v2\/posts\/13910\/revisions"}],"predecessor-version":[{"id":13914,"href":"https:\/\/prefeitura.santarosa.rs.gov.br\/index.php?rest_route=\/wp\/v2\/posts\/13910\/revisions\/13914"}],"wp:featuredmedia":[{"embeddable":true,"href":"https:\/\/prefeitura.santarosa.rs.gov.br\/index.php?rest_route=\/wp\/v2\/media\/13913"}],"wp:attachment":[{"href":"https:\/\/prefeitura.santarosa.rs.gov.br\/index.php?rest_route=%2Fwp%2Fv2%2Fmedia&parent=13910"}],"wp:term":[{"taxonomy":"category","embeddable":true,"href":"https:\/\/prefeitura.santarosa.rs.gov.br\/index.php?rest_route=%2Fwp%2Fv2%2Fcategories&post=13910"},{"taxonomy":"post_tag","embeddable":true,"href":"https:\/\/prefeitura.santarosa.rs.gov.br\/index.php?rest_route=%2Fwp%2Fv2%2Ftags&post=13910"}],"curies":[{"name":"wp","href":"https:\/\/api.w.org\/{rel}","templated":true}]}}