{"id":13906,"date":"2025-05-13T14:10:48","date_gmt":"2025-05-13T17:10:48","guid":{"rendered":"https:\/\/prefeitura.santarosa.rs.gov.br\/?p=13906"},"modified":"2025-05-13T14:10:49","modified_gmt":"2025-05-13T17:10:49","slug":"secretaria-de-agricultura-realiza-melhorias-em-diversas-localidades-do-interior","status":"publish","type":"post","link":"https:\/\/prefeitura.santarosa.rs.gov.br\/?p=13906","title":{"rendered":"Secretaria de Agricultura realiza melhorias em diversas localidades do interior"},"content":{"rendered":"\n<figure class=\"wp-block-image size-full\"><img fetchpriority=\"high\" decoding=\"async\" width=\"860\" height=\"645\" src=\"https:\/\/prefeitura.santarosa.rs.gov.br\/wp-content\/uploads\/2025\/05\/Formato-Site-e-Portal-860X645-JPG-2025-05-13T140712.432.jpg\" alt=\"\" class=\"wp-image-13907\" srcset=\"https:\/\/prefeitura.santarosa.rs.gov.br\/wp-content\/uploads\/2025\/05\/Formato-Site-e-Portal-860X645-JPG-2025-05-13T140712.432.jpg 860w, https:\/\/prefeitura.santarosa.rs.gov.br\/wp-content\/uploads\/2025\/05\/Formato-Site-e-Portal-860X645-JPG-2025-05-13T140712.432-300x225.jpg 300w, https:\/\/prefeitura.santarosa.rs.gov.br\/wp-content\/uploads\/2025\/05\/Formato-Site-e-Portal-860X645-JPG-2025-05-13T140712.432-768x576.jpg 768w\" sizes=\"(max-width: 860px) 100vw, 860px\" \/><\/figure>\n\n\n\n<p>A Prefeitura de Santa Rosa, por meio da Secretaria de Agricultura, segue com um cronograma cont\u00ednuo de melhorias na infraestrutura do interior do munic\u00edpio. Nesta ter\u00e7a-feira (13), o vice-prefeito Aldemir Ulrich e o secret\u00e1rio de Agricultura, Gerson Karkow, acompanharam de perto os trabalhos de manuten\u00e7\u00e3o realizados na comunidade do Lajeado Pessegueiro.<\/p>\n\n\n\n<p>No local, foram executados servi\u00e7os como patrolamento e encascalhamento. Al\u00e9m do Lajeado Pessegueiro, outras comunidades tamb\u00e9m est\u00e3o sendo beneficiadas nesta semana. Equipes de manuten\u00e7\u00e3o vi\u00e1ria atuam nas estradas do Lajeado Capoeira e na regi\u00e3o da Linha das Flores. O Secret\u00e1rio de Agricultura, Gerson Karkow, destacou a a\u00e7\u00e3o, \u201cEstamos cumprindo um cronograma de a\u00e7\u00f5es que visa garantir melhores condi\u00e7\u00f5es de trafegabilidade e seguran\u00e7a para os produtores e moradores do interior. A manuten\u00e7\u00e3o das estradas \u00e9 uma prioridade da nossa gest\u00e3o\u201d.<\/p>\n\n\n\n<p>Na pr\u00f3xima semana, a comunidade de Candeia Baixa tamb\u00e9m receber\u00e1 as a\u00e7\u00f5es de manuten\u00e7\u00e3o vi\u00e1ria promovidas pela Secretaria de Agricultura.<\/p>\n","protected":false},"excerpt":{"rendered":"<p>A Prefeitura de Santa Rosa, por meio da Secretaria de Agricultura, segue com um cronograma cont\u00ednuo de melhorias na infraestrutura<\/p>\n","protected":false},"author":12,"featured_media":13908,"comment_status":"closed","ping_status":"closed","sticky":false,"template":"","format":"standard","meta":{"footnotes":""},"categories":[4,14],"tags":[],"class_list":["post-13906","post","type-post","status-publish","format-standard","has-post-thumbnail","hentry","category-noticias","category-secretaria-municipal-de-agricultura"],"aioseo_notices":[],"_links":{"self":[{"href":"https:\/\/prefeitura.santarosa.rs.gov.br\/index.php?rest_route=\/wp\/v2\/posts\/13906","targetHints":{"allow":["GET"]}}],"collection":[{"href":"https:\/\/prefeitura.santarosa.rs.gov.br\/index.php?rest_route=\/wp\/v2\/posts"}],"about":[{"href":"https:\/\/prefeitura.santarosa.rs.gov.br\/index.php?rest_route=\/wp\/v2\/types\/post"}],"author":[{"embeddable":true,"href":"https:\/\/prefeitura.santarosa.rs.gov.br\/index.php?rest_route=\/wp\/v2\/users\/12"}],"replies":[{"embeddable":true,"href":"https:\/\/prefeitura.santarosa.rs.gov.br\/index.php?rest_route=%2Fwp%2Fv2%2Fcomments&post=13906"}],"version-history":[{"count":1,"href":"https:\/\/prefeitura.santarosa.rs.gov.br\/index.php?rest_route=\/wp\/v2\/posts\/13906\/revisions"}],"predecessor-version":[{"id":13909,"href":"https:\/\/prefeitura.santarosa.rs.gov.br\/index.php?rest_route=\/wp\/v2\/posts\/13906\/revisions\/13909"}],"wp:featuredmedia":[{"embeddable":true,"href":"https:\/\/prefeitura.santarosa.rs.gov.br\/index.php?rest_route=\/wp\/v2\/media\/13908"}],"wp:attachment":[{"href":"https:\/\/prefeitura.santarosa.rs.gov.br\/index.php?rest_route=%2Fwp%2Fv2%2Fmedia&parent=13906"}],"wp:term":[{"taxonomy":"category","embeddable":true,"href":"https:\/\/prefeitura.santarosa.rs.gov.br\/index.php?rest_route=%2Fwp%2Fv2%2Fcategories&post=13906"},{"taxonomy":"post_tag","embeddable":true,"href":"https:\/\/prefeitura.santarosa.rs.gov.br\/index.php?rest_route=%2Fwp%2Fv2%2Ftags&post=13906"}],"curies":[{"name":"wp","href":"https:\/\/api.w.org\/{rel}","templated":true}]}}