{"id":13892,"date":"2025-05-12T16:10:37","date_gmt":"2025-05-12T19:10:37","guid":{"rendered":"https:\/\/prefeitura.santarosa.rs.gov.br\/?p=13892"},"modified":"2025-05-12T16:10:37","modified_gmt":"2025-05-12T19:10:37","slug":"mais-de-mil-doses-contra-a-gripe-foram-aplicadas-no-dia-d-em-santa-rosa","status":"publish","type":"post","link":"https:\/\/prefeitura.santarosa.rs.gov.br\/?p=13892","title":{"rendered":"Mais de mil doses contra a gripe foram aplicadas no Dia D em Santa Rosa"},"content":{"rendered":"\n<figure class=\"wp-block-image size-full\"><img fetchpriority=\"high\" decoding=\"async\" width=\"860\" height=\"645\" src=\"https:\/\/prefeitura.santarosa.rs.gov.br\/wp-content\/uploads\/2025\/05\/Formato-Site-e-Portal-860X645-JPG-2025-05-12T160850.691.jpg\" alt=\"\" class=\"wp-image-13893\" srcset=\"https:\/\/prefeitura.santarosa.rs.gov.br\/wp-content\/uploads\/2025\/05\/Formato-Site-e-Portal-860X645-JPG-2025-05-12T160850.691.jpg 860w, https:\/\/prefeitura.santarosa.rs.gov.br\/wp-content\/uploads\/2025\/05\/Formato-Site-e-Portal-860X645-JPG-2025-05-12T160850.691-300x225.jpg 300w, https:\/\/prefeitura.santarosa.rs.gov.br\/wp-content\/uploads\/2025\/05\/Formato-Site-e-Portal-860X645-JPG-2025-05-12T160850.691-768x576.jpg 768w\" sizes=\"(max-width: 860px) 100vw, 860px\" \/><\/figure>\n\n\n\n<p>A Funda\u00e7\u00e3o Municipal de Sa\u00fade de Santa Rosa promoveu no \u00faltimo s\u00e1bado, 10 de maio, o Dia D de Vacina\u00e7\u00e3o contra a Gripe (Influenza), com o objetivo de ampliar a cobertura vacinal entre os grupos priorit\u00e1rios definidos pelo Minist\u00e9rio da Sa\u00fade. A mobiliza\u00e7\u00e3o ocorreu em todas as Unidades B\u00e1sicas de Sa\u00fade do munic\u00edpio, das 8h \u00e0s 17h, com hor\u00e1rios diferenciados nas UBSs da Bela Uni\u00e3o e Sete de Setembro, que atenderam at\u00e9 as 14h. Durante a a\u00e7\u00e3o, mais de mil doses da vacina foram aplicadas.<\/p>\n\n\n\n<p>Desde o in\u00edcio da campanha, aproximadamente 10.300 pessoas de todos os grupos priorit\u00e1rios j\u00e1 foram imunizadas em Santa Rosa. A cobertura vacinal priorizada pelo Minist\u00e9rio da Sa\u00fade para os idosos, gestantes e crian\u00e7as, representa 32,20% das aplica\u00e7\u00f5es j\u00e1 realizadas at\u00e9 o momento. A FUMSSAR refor\u00e7a a import\u00e2ncia de que as pessoas pertencentes aos grupos priorit\u00e1rios procurem uma UBS para realizar a vacina\u00e7\u00e3o, que continua sendo ofertada conforme o cronograma de atendimento de cada unidade, lembrando que, a meta de vacina\u00e7\u00e3o em idosos, gestantes e crian\u00e7as \u00e9 de 90%.<\/p>\n","protected":false},"excerpt":{"rendered":"<p>A Funda\u00e7\u00e3o Municipal de Sa\u00fade de Santa Rosa promoveu no \u00faltimo s\u00e1bado, 10 de maio, o Dia D de Vacina\u00e7\u00e3o<\/p>\n","protected":false},"author":12,"featured_media":13894,"comment_status":"closed","ping_status":"closed","sticky":false,"template":"","format":"standard","meta":{"footnotes":""},"categories":[4,8],"tags":[],"class_list":["post-13892","post","type-post","status-publish","format-standard","has-post-thumbnail","hentry","category-noticias","category-noticias-fumssar"],"aioseo_notices":[],"_links":{"self":[{"href":"https:\/\/prefeitura.santarosa.rs.gov.br\/index.php?rest_route=\/wp\/v2\/posts\/13892","targetHints":{"allow":["GET"]}}],"collection":[{"href":"https:\/\/prefeitura.santarosa.rs.gov.br\/index.php?rest_route=\/wp\/v2\/posts"}],"about":[{"href":"https:\/\/prefeitura.santarosa.rs.gov.br\/index.php?rest_route=\/wp\/v2\/types\/post"}],"author":[{"embeddable":true,"href":"https:\/\/prefeitura.santarosa.rs.gov.br\/index.php?rest_route=\/wp\/v2\/users\/12"}],"replies":[{"embeddable":true,"href":"https:\/\/prefeitura.santarosa.rs.gov.br\/index.php?rest_route=%2Fwp%2Fv2%2Fcomments&post=13892"}],"version-history":[{"count":1,"href":"https:\/\/prefeitura.santarosa.rs.gov.br\/index.php?rest_route=\/wp\/v2\/posts\/13892\/revisions"}],"predecessor-version":[{"id":13895,"href":"https:\/\/prefeitura.santarosa.rs.gov.br\/index.php?rest_route=\/wp\/v2\/posts\/13892\/revisions\/13895"}],"wp:featuredmedia":[{"embeddable":true,"href":"https:\/\/prefeitura.santarosa.rs.gov.br\/index.php?rest_route=\/wp\/v2\/media\/13894"}],"wp:attachment":[{"href":"https:\/\/prefeitura.santarosa.rs.gov.br\/index.php?rest_route=%2Fwp%2Fv2%2Fmedia&parent=13892"}],"wp:term":[{"taxonomy":"category","embeddable":true,"href":"https:\/\/prefeitura.santarosa.rs.gov.br\/index.php?rest_route=%2Fwp%2Fv2%2Fcategories&post=13892"},{"taxonomy":"post_tag","embeddable":true,"href":"https:\/\/prefeitura.santarosa.rs.gov.br\/index.php?rest_route=%2Fwp%2Fv2%2Ftags&post=13892"}],"curies":[{"name":"wp","href":"https:\/\/api.w.org\/{rel}","templated":true}]}}