{"id":13888,"date":"2025-05-12T16:03:14","date_gmt":"2025-05-12T19:03:14","guid":{"rendered":"https:\/\/prefeitura.santarosa.rs.gov.br\/?p=13888"},"modified":"2025-05-12T16:27:53","modified_gmt":"2025-05-12T19:27:53","slug":"finais-do-campeonato-municipal-de-futebol-de-campo-2025-movimentam-o-estadio-carlos-denardin","status":"publish","type":"post","link":"https:\/\/prefeitura.santarosa.rs.gov.br\/?p=13888","title":{"rendered":"Finais do Campeonato Municipal de Futebol de Campo 2025 movimentam o Est\u00e1dio Carlos Denardin"},"content":{"rendered":"\n<figure class=\"wp-block-image size-full\"><img fetchpriority=\"high\" decoding=\"async\" width=\"860\" height=\"645\" src=\"https:\/\/prefeitura.santarosa.rs.gov.br\/wp-content\/uploads\/2025\/05\/Formato-Site-e-Portal-860X645-JPG-2025-05-12T160215.179.jpg\" alt=\"\" class=\"wp-image-13889\" srcset=\"https:\/\/prefeitura.santarosa.rs.gov.br\/wp-content\/uploads\/2025\/05\/Formato-Site-e-Portal-860X645-JPG-2025-05-12T160215.179.jpg 860w, https:\/\/prefeitura.santarosa.rs.gov.br\/wp-content\/uploads\/2025\/05\/Formato-Site-e-Portal-860X645-JPG-2025-05-12T160215.179-300x225.jpg 300w, https:\/\/prefeitura.santarosa.rs.gov.br\/wp-content\/uploads\/2025\/05\/Formato-Site-e-Portal-860X645-JPG-2025-05-12T160215.179-768x576.jpg 768w\" sizes=\"(max-width: 860px) 100vw, 860px\" \/><\/figure>\n\n\n\n<p>No \u00faltimo s\u00e1bado, 10 de maio, o Est\u00e1dio Carlos Denardin foi palco das finais do Campeonato Municipal de Futebol de Campo 2025, nas categorias Sub-16 e Segunda Divis\u00e3o. A competi\u00e7\u00e3o contou com a participa\u00e7\u00e3o de cerca de 400 atletas, distribu\u00eddos em 18 equipes, que disputaram mais de 45 partidas ao longo dos meses de mar\u00e7o, abril e maio. Foram campe\u00f5es: Guarani de Pessegueiro (sub-16) e o Esportivo (2\u00aa divis\u00e3o).<\/p>\n\n\n\n<p>Os jogos trouxeram muita emo\u00e7\u00e3o para as torcidas presentes. O Secret\u00e1rio de Esporte, Cauh\u00e3 Pereira, parabenizou os atletas, t\u00e9cnicos e torcedores que fizeram parte do campeonato, \u201cEventos como este promovem a integra\u00e7\u00e3o das comunidades. Parab\u00e9ns a todos os envolvidos pelo comprometimento e dedica\u00e7\u00e3o. Vamos continuar incentivando o esporte em nossa cidade\u201d.<\/p>\n\n\n\n<p>Os times campe\u00f5es receberam trof\u00e9us e medalhas. Na oportunidade, tamb\u00e9m foram anunciados os outros t\u00edtulos do campeonato.<\/p>\n\n\n\n<p>Sub-16<\/p>\n\n\n\n<ul class=\"wp-block-list\">\n<li>Artilheiro: Pedro Necker (Guarani de Pessegueiro)<\/li>\n\n\n\n<li>Defesa Menos Vazado: Guarani de Pessegueiro<\/li>\n\n\n\n<li>Craque da Final: Lucas Viegler (Guarani de Pessegueiro)<\/li>\n\n\n\n<li>Campe\u00e3o: Guarani de Pessegueiro<\/li>\n\n\n\n<li>Vice-Campe\u00e3o: Bangu<\/li>\n\n\n\n<li>Terceiro Colocado: Esportivo<\/li>\n<\/ul>\n\n\n\n<p><\/p>\n\n\n\n<ul class=\"wp-block-list\">\n<li>2\u00aa Divis\u00e3o<\/li>\n\n\n\n<li>Artilheiro: Eduardo Antonio Pinto (Soteldo) (Noroeste)<\/li>\n\n\n\n<li>Goleiro Menos Vazado: Farroupilha<\/li>\n\n\n\n<li>Craque da Final: Cesar (Esportivo)<\/li>\n\n\n\n<li>Campe\u00e3o: Esportivo<\/li>\n\n\n\n<li>Vice-Campe\u00e3o: Farroupilha<\/li>\n\n\n\n<li>Terceiro Colocado: Noroeste<\/li>\n<\/ul>\n","protected":false},"excerpt":{"rendered":"<p>No \u00faltimo s\u00e1bado, 10 de maio, o Est\u00e1dio Carlos Denardin foi palco das finais do Campeonato Municipal de Futebol de<\/p>\n","protected":false},"author":12,"featured_media":13890,"comment_status":"closed","ping_status":"closed","sticky":false,"template":"","format":"standard","meta":{"footnotes":""},"categories":[4,19],"tags":[],"class_list":["post-13888","post","type-post","status-publish","format-standard","has-post-thumbnail","hentry","category-noticias","category-secretaria-municipal-de-esporte"],"aioseo_notices":[],"_links":{"self":[{"href":"https:\/\/prefeitura.santarosa.rs.gov.br\/index.php?rest_route=\/wp\/v2\/posts\/13888","targetHints":{"allow":["GET"]}}],"collection":[{"href":"https:\/\/prefeitura.santarosa.rs.gov.br\/index.php?rest_route=\/wp\/v2\/posts"}],"about":[{"href":"https:\/\/prefeitura.santarosa.rs.gov.br\/index.php?rest_route=\/wp\/v2\/types\/post"}],"author":[{"embeddable":true,"href":"https:\/\/prefeitura.santarosa.rs.gov.br\/index.php?rest_route=\/wp\/v2\/users\/12"}],"replies":[{"embeddable":true,"href":"https:\/\/prefeitura.santarosa.rs.gov.br\/index.php?rest_route=%2Fwp%2Fv2%2Fcomments&post=13888"}],"version-history":[{"count":2,"href":"https:\/\/prefeitura.santarosa.rs.gov.br\/index.php?rest_route=\/wp\/v2\/posts\/13888\/revisions"}],"predecessor-version":[{"id":13902,"href":"https:\/\/prefeitura.santarosa.rs.gov.br\/index.php?rest_route=\/wp\/v2\/posts\/13888\/revisions\/13902"}],"wp:featuredmedia":[{"embeddable":true,"href":"https:\/\/prefeitura.santarosa.rs.gov.br\/index.php?rest_route=\/wp\/v2\/media\/13890"}],"wp:attachment":[{"href":"https:\/\/prefeitura.santarosa.rs.gov.br\/index.php?rest_route=%2Fwp%2Fv2%2Fmedia&parent=13888"}],"wp:term":[{"taxonomy":"category","embeddable":true,"href":"https:\/\/prefeitura.santarosa.rs.gov.br\/index.php?rest_route=%2Fwp%2Fv2%2Fcategories&post=13888"},{"taxonomy":"post_tag","embeddable":true,"href":"https:\/\/prefeitura.santarosa.rs.gov.br\/index.php?rest_route=%2Fwp%2Fv2%2Ftags&post=13888"}],"curies":[{"name":"wp","href":"https:\/\/api.w.org\/{rel}","templated":true}]}}