{"id":13884,"date":"2025-05-12T15:56:58","date_gmt":"2025-05-12T18:56:58","guid":{"rendered":"https:\/\/prefeitura.santarosa.rs.gov.br\/?p=13884"},"modified":"2025-05-12T15:56:58","modified_gmt":"2025-05-12T18:56:58","slug":"obras-da-primeira-etapa-do-plano-de-mobilidade-urbana-iniciam-em-santa-rosa","status":"publish","type":"post","link":"https:\/\/prefeitura.santarosa.rs.gov.br\/?p=13884","title":{"rendered":"Obras da primeira etapa do Plano de Mobilidade Urbana iniciam em Santa Rosa"},"content":{"rendered":"\n<figure class=\"wp-block-image size-full\"><img fetchpriority=\"high\" decoding=\"async\" width=\"860\" height=\"645\" src=\"https:\/\/prefeitura.santarosa.rs.gov.br\/wp-content\/uploads\/2025\/05\/Formato-Site-e-Portal-860X645-JPG-2025-05-12T155510.799.jpg\" alt=\"\" class=\"wp-image-13885\" srcset=\"https:\/\/prefeitura.santarosa.rs.gov.br\/wp-content\/uploads\/2025\/05\/Formato-Site-e-Portal-860X645-JPG-2025-05-12T155510.799.jpg 860w, https:\/\/prefeitura.santarosa.rs.gov.br\/wp-content\/uploads\/2025\/05\/Formato-Site-e-Portal-860X645-JPG-2025-05-12T155510.799-300x225.jpg 300w, https:\/\/prefeitura.santarosa.rs.gov.br\/wp-content\/uploads\/2025\/05\/Formato-Site-e-Portal-860X645-JPG-2025-05-12T155510.799-768x576.jpg 768w\" sizes=\"(max-width: 860px) 100vw, 860px\" \/><\/figure>\n\n\n\n<p>Come\u00e7aram nesta segunda-feira (12), as obras da primeira etapa do Plano de Mobilidade Urbana de Santa Rosa. A ordem de in\u00edcio foi assinada pelo Prefeito Anderson Mantei em ato realizado em frente ao quartel. Vereadores e secret\u00e1rios municipais acompanharam a assinatura. As melhorias na infraestrutura ir\u00e3o contar com um investimento superior a R$ 12 milh\u00f5es de recursos pr\u00f3prios da Prefeitura. As obras ser\u00e3o executadas por duas frentes de trabalho para garantir mais agilidade: uma na Avenida Expedicion\u00e1rio Weber e outra na Travessa Expedicion\u00e1rio Izidro Leal, localizada em frente \u00e0 pista de caminhada do quartel.<\/p>\n\n\n\n<p>O projeto, desenvolvido com base em estudos t\u00e9cnicos da Fundatec, tem como objetivo melhorar o fluxo de ve\u00edculos e preparar a cidade para o crescimento cont\u00ednuo. Uma das interven\u00e7\u00f5es vai ocorrer na Avenida Expedicion\u00e1rio Weber. A equipe da Secretaria de Planejamento informa o motorista que quiser desviar das obras na avenida, que est\u00e3o dispon\u00edveis caminhos alternativos pela Avenida Am\u00e9rica, acessos atrav\u00e9s da Rua S\u00e3o Jos\u00e9 e da Rua Jorge Kunde e tamb\u00e9m, pelas ruas internas do Bairro Central.<\/p>\n\n\n\n<p>J\u00e1 na Travessa Expedicion\u00e1rio Izidro Leal, localizada em frente \u00e0 pista de caminhada do quartel, haver\u00e1 interdi\u00e7\u00e3o total para permitir o alargamento da via em 6 metros. Para realiza\u00e7\u00e3o do alargamento da pista, ser\u00e1 necess\u00e1rio remover a cerca existente junto ao quartel, assim como a supress\u00e3o de vegeta\u00e7\u00e3o, para posterior execu\u00e7\u00e3o da pavimenta\u00e7\u00e3o asf\u00e1ltica, novo passeio p\u00fablico, ciclovia e nova cerca de limita\u00e7\u00e3o da \u00e1rea do 19\u00ba RC Mec. O Prefeito Anderson Mantei destacou a import\u00e2ncia do projeto para o futuro da cidade, \u201cEstamos iniciando mais uma semana de trabalho com \u00f3timas novidades para Santa Rosa. As obras de mobilidade urbana v\u00e3o melhorar significativamente o tr\u00e2nsito e a vida dos nossos cidad\u00e3os. \u00c9 um passo fundamental para acompanhar o ritmo acelerado de desenvolvimento que estamos vivendo. Seguimos investindo em melhorias, sempre pensado em proporcionar aos cidad\u00e3os, uma Santa Rosa cada vez melhor\u201d.<\/p>\n\n\n\n<p>Outra importante parte do projeto ser\u00e1 a constru\u00e7\u00e3o de uma nova rua atr\u00e1s do posto pr\u00f3ximo ao quartel (nos fundos da Janeco e Sul Cores), criando uma nova liga\u00e7\u00e3o com a Avenida Rio Branco, o que deve contribuir para maior fluidez no tr\u00e1fego da regi\u00e3o. A previs\u00e3o de conclus\u00e3o da primeira fase \u00e9 de 12 meses, conforme o contrato.<\/p>\n","protected":false},"excerpt":{"rendered":"<p>Come\u00e7aram nesta segunda-feira (12), as obras da primeira etapa do Plano de Mobilidade Urbana de Santa Rosa. A ordem de<\/p>\n","protected":false},"author":12,"featured_media":13886,"comment_status":"closed","ping_status":"closed","sticky":false,"template":"","format":"standard","meta":{"footnotes":""},"categories":[4,27,22],"tags":[],"class_list":["post-13884","post","type-post","status-publish","format-standard","has-post-thumbnail","hentry","category-noticias","category-secretaria-municipal-de-mobilidade-urbana","category-secretaria-municipal-de-planejamento-e-habitacao"],"aioseo_notices":[],"_links":{"self":[{"href":"https:\/\/prefeitura.santarosa.rs.gov.br\/index.php?rest_route=\/wp\/v2\/posts\/13884","targetHints":{"allow":["GET"]}}],"collection":[{"href":"https:\/\/prefeitura.santarosa.rs.gov.br\/index.php?rest_route=\/wp\/v2\/posts"}],"about":[{"href":"https:\/\/prefeitura.santarosa.rs.gov.br\/index.php?rest_route=\/wp\/v2\/types\/post"}],"author":[{"embeddable":true,"href":"https:\/\/prefeitura.santarosa.rs.gov.br\/index.php?rest_route=\/wp\/v2\/users\/12"}],"replies":[{"embeddable":true,"href":"https:\/\/prefeitura.santarosa.rs.gov.br\/index.php?rest_route=%2Fwp%2Fv2%2Fcomments&post=13884"}],"version-history":[{"count":1,"href":"https:\/\/prefeitura.santarosa.rs.gov.br\/index.php?rest_route=\/wp\/v2\/posts\/13884\/revisions"}],"predecessor-version":[{"id":13887,"href":"https:\/\/prefeitura.santarosa.rs.gov.br\/index.php?rest_route=\/wp\/v2\/posts\/13884\/revisions\/13887"}],"wp:featuredmedia":[{"embeddable":true,"href":"https:\/\/prefeitura.santarosa.rs.gov.br\/index.php?rest_route=\/wp\/v2\/media\/13886"}],"wp:attachment":[{"href":"https:\/\/prefeitura.santarosa.rs.gov.br\/index.php?rest_route=%2Fwp%2Fv2%2Fmedia&parent=13884"}],"wp:term":[{"taxonomy":"category","embeddable":true,"href":"https:\/\/prefeitura.santarosa.rs.gov.br\/index.php?rest_route=%2Fwp%2Fv2%2Fcategories&post=13884"},{"taxonomy":"post_tag","embeddable":true,"href":"https:\/\/prefeitura.santarosa.rs.gov.br\/index.php?rest_route=%2Fwp%2Fv2%2Ftags&post=13884"}],"curies":[{"name":"wp","href":"https:\/\/api.w.org\/{rel}","templated":true}]}}