{"id":13849,"date":"2025-05-09T16:42:53","date_gmt":"2025-05-09T19:42:53","guid":{"rendered":"https:\/\/prefeitura.santarosa.rs.gov.br\/?p=13849"},"modified":"2025-05-09T16:42:53","modified_gmt":"2025-05-09T19:42:53","slug":"fumssar-recebe-a-visita-do-comandante-do-19o-rc-mec","status":"publish","type":"post","link":"https:\/\/prefeitura.santarosa.rs.gov.br\/?p=13849","title":{"rendered":"FUMSSAR recebe a visita do Comandante do 19\u00ba RC Mec"},"content":{"rendered":"\n<figure class=\"wp-block-image size-full\"><img fetchpriority=\"high\" decoding=\"async\" width=\"860\" height=\"645\" src=\"https:\/\/prefeitura.santarosa.rs.gov.br\/wp-content\/uploads\/2025\/05\/Formato-Site-e-Portal-860X645-JPG-2025-05-09T164104.092.jpg\" alt=\"\" class=\"wp-image-13850\" srcset=\"https:\/\/prefeitura.santarosa.rs.gov.br\/wp-content\/uploads\/2025\/05\/Formato-Site-e-Portal-860X645-JPG-2025-05-09T164104.092.jpg 860w, https:\/\/prefeitura.santarosa.rs.gov.br\/wp-content\/uploads\/2025\/05\/Formato-Site-e-Portal-860X645-JPG-2025-05-09T164104.092-300x225.jpg 300w, https:\/\/prefeitura.santarosa.rs.gov.br\/wp-content\/uploads\/2025\/05\/Formato-Site-e-Portal-860X645-JPG-2025-05-09T164104.092-768x576.jpg 768w\" sizes=\"(max-width: 860px) 100vw, 860px\" \/><\/figure>\n\n\n\n<p>A equipe diretiva da Funda\u00e7\u00e3o Municipal de Sa\u00fade de Santa Rosa recebeu nesta sexta-feira (09), a visita do comandante do 19\u00ba Regimento de Cavalaria Mecanizado (RC Mec), tenente-coronel Cleber Henrique Bernardes Sim\u00f5es. O militar foi recepcionado pelo presidente da FUMSSAR, D\u00e9lcio Stefan, pela gerente da Aten\u00e7\u00e3o B\u00e1sica, Lidiene Superti, e pelos diretores Rog\u00e9rio Santos (Gest\u00e3o Administrativa) e Adriana Ulzafar (Rede Complementar).<\/p>\n\n\n\n<p>Durante o encontro, foram apresentados dados gerais e gr\u00e1ficos relacionados \u00e0 sa\u00fade p\u00fablica do munic\u00edpio, al\u00e9m de explica\u00e7\u00f5es sobre o funcionamento e a estrutura da Funda\u00e7\u00e3o. O momento foi uma oportunidade para demonstrar a transpar\u00eancia e o compromisso da gest\u00e3o com a qualidade dos servi\u00e7os prestados em Santa Rosa, \u201cO apoio do 19\u00ba RC Mec tem sido fundamental em diversas a\u00e7\u00f5es que beneficiam diretamente a comunidade santa-rosense. A parceria com o Ex\u00e9rcito fortalece nosso trabalho e amplia o alcance das iniciativas voltadas ao bem-estar coletivo\u201d, destacou D\u00e9lcio Stefan.<\/p>\n\n\n\n<p>O 19\u00ba RC Mec tem se consolidado como um importante parceiro da Prefeitura e da Funda\u00e7\u00e3o de Sa\u00fade, participando ativamente de campanhas de doa\u00e7\u00e3o de sangue junto ao Hemocentro Regional, campanhas educativas, mutir\u00f5es de limpeza no combate \u00e0 dengue, arrecada\u00e7\u00f5es de agasalhos e outras a\u00e7\u00f5es sociais em benef\u00edcio da popula\u00e7\u00e3o.<\/p>\n","protected":false},"excerpt":{"rendered":"<p>A equipe diretiva da Funda\u00e7\u00e3o Municipal de Sa\u00fade de Santa Rosa recebeu nesta sexta-feira (09), a visita do comandante do<\/p>\n","protected":false},"author":12,"featured_media":13851,"comment_status":"closed","ping_status":"closed","sticky":false,"template":"","format":"standard","meta":{"footnotes":""},"categories":[4,8],"tags":[],"class_list":["post-13849","post","type-post","status-publish","format-standard","has-post-thumbnail","hentry","category-noticias","category-noticias-fumssar"],"aioseo_notices":[],"_links":{"self":[{"href":"https:\/\/prefeitura.santarosa.rs.gov.br\/index.php?rest_route=\/wp\/v2\/posts\/13849","targetHints":{"allow":["GET"]}}],"collection":[{"href":"https:\/\/prefeitura.santarosa.rs.gov.br\/index.php?rest_route=\/wp\/v2\/posts"}],"about":[{"href":"https:\/\/prefeitura.santarosa.rs.gov.br\/index.php?rest_route=\/wp\/v2\/types\/post"}],"author":[{"embeddable":true,"href":"https:\/\/prefeitura.santarosa.rs.gov.br\/index.php?rest_route=\/wp\/v2\/users\/12"}],"replies":[{"embeddable":true,"href":"https:\/\/prefeitura.santarosa.rs.gov.br\/index.php?rest_route=%2Fwp%2Fv2%2Fcomments&post=13849"}],"version-history":[{"count":1,"href":"https:\/\/prefeitura.santarosa.rs.gov.br\/index.php?rest_route=\/wp\/v2\/posts\/13849\/revisions"}],"predecessor-version":[{"id":13852,"href":"https:\/\/prefeitura.santarosa.rs.gov.br\/index.php?rest_route=\/wp\/v2\/posts\/13849\/revisions\/13852"}],"wp:featuredmedia":[{"embeddable":true,"href":"https:\/\/prefeitura.santarosa.rs.gov.br\/index.php?rest_route=\/wp\/v2\/media\/13851"}],"wp:attachment":[{"href":"https:\/\/prefeitura.santarosa.rs.gov.br\/index.php?rest_route=%2Fwp%2Fv2%2Fmedia&parent=13849"}],"wp:term":[{"taxonomy":"category","embeddable":true,"href":"https:\/\/prefeitura.santarosa.rs.gov.br\/index.php?rest_route=%2Fwp%2Fv2%2Fcategories&post=13849"},{"taxonomy":"post_tag","embeddable":true,"href":"https:\/\/prefeitura.santarosa.rs.gov.br\/index.php?rest_route=%2Fwp%2Fv2%2Ftags&post=13849"}],"curies":[{"name":"wp","href":"https:\/\/api.w.org\/{rel}","templated":true}]}}