{"id":13845,"date":"2025-05-09T16:27:08","date_gmt":"2025-05-09T19:27:08","guid":{"rendered":"https:\/\/prefeitura.santarosa.rs.gov.br\/?p=13845"},"modified":"2025-05-09T16:27:08","modified_gmt":"2025-05-09T19:27:08","slug":"projeto-escola-santa-rosa-danca-oferece-oficinas-gratuitas-durante-todo-o-ano","status":"publish","type":"post","link":"https:\/\/prefeitura.santarosa.rs.gov.br\/?p=13845","title":{"rendered":"Projeto Escola Santa Rosa Dan\u00e7a oferece oficinas gratuitas durante todo o ano"},"content":{"rendered":"\n<figure class=\"wp-block-image size-full\"><img fetchpriority=\"high\" decoding=\"async\" width=\"860\" height=\"645\" src=\"https:\/\/prefeitura.santarosa.rs.gov.br\/wp-content\/uploads\/2025\/05\/Formato-Site-e-Portal-860X645-JPG-2025-05-09T162548.553.jpg\" alt=\"\" class=\"wp-image-13846\" srcset=\"https:\/\/prefeitura.santarosa.rs.gov.br\/wp-content\/uploads\/2025\/05\/Formato-Site-e-Portal-860X645-JPG-2025-05-09T162548.553.jpg 860w, https:\/\/prefeitura.santarosa.rs.gov.br\/wp-content\/uploads\/2025\/05\/Formato-Site-e-Portal-860X645-JPG-2025-05-09T162548.553-300x225.jpg 300w, https:\/\/prefeitura.santarosa.rs.gov.br\/wp-content\/uploads\/2025\/05\/Formato-Site-e-Portal-860X645-JPG-2025-05-09T162548.553-768x576.jpg 768w\" sizes=\"(max-width: 860px) 100vw, 860px\" \/><\/figure>\n\n\n\n<p>A Prefeitura de Santa Rosa, por meio da Secretaria de Educa\u00e7\u00e3o e Cultura, informa que est\u00e3o abertas durante todo o ano as inscri\u00e7\u00f5es para as Oficinas Culturais e Pedag\u00f3gicas de Dan\u00e7a. O projeto, que integra o Escola Santa Rosa Dan\u00e7a, oferece aulas em diferentes locais da cidade, atendendo crian\u00e7as e adolescentes com idades entre 7 e 17 anos. Cada turma conta com at\u00e9 30 vagas, e as atividades ocorrem nos turnos da manh\u00e3 e tarde, de segunda a sexta-feira, no Centro C\u00edvico, no Centro Cultural Prof. Fioravante Pedrazani, nas escolas municipais, na AABB Comunidade e no CEU das Artes, no bairro Cruzeiro.<\/p>\n\n\n\n<p>O Escola Santa Rosa Dan\u00e7a tem como objetivo levar a dan\u00e7a em todos os seus estilos e ritmos para estudantes das redes p\u00fablica e privada, promovendo o acesso \u00e0 cultura, incentivando a express\u00e3o art\u00edstica e valorizando os talentos locais. O projeto \u00e9 realizado em parceria com a Academia Drag\u00f5es do Oriente. A professora de dan\u00e7a, Adryana Cristina, ressalta a import\u00e2ncia da iniciativa, \u201cMais do que ensinar passos de dan\u00e7a, estamos trabalhando o desenvolvimento pessoal, a autoestima e a disciplina dos alunos. A dan\u00e7a \u00e9 uma ferramenta poderosa de transforma\u00e7\u00e3o social e de descoberta de potencialidades\u201d.<\/p>\n\n\n\n<p>As aulas incluem modalidades como Dan\u00e7as Urbanas, Jazz, K-Pop, Ballet, estilo livre e Dan\u00e7a Flamenca, e proporcionam aos participantes a oportunidade de se apresentarem em festivais, mostras culturais e eventos municipais e regionais. As inscri\u00e7\u00f5es podem ser feitas no Departamento de Cultura, em frente \u00e0 Pra\u00e7a da Bandeira, das 07h30min \u00e0s 11h30min e das 13h30min \u00e0s 17h30min, em dias \u00fateis.<\/p>\n","protected":false},"excerpt":{"rendered":"<p>A Prefeitura de Santa Rosa, por meio da Secretaria de Educa\u00e7\u00e3o e Cultura, informa que est\u00e3o abertas durante todo o<\/p>\n","protected":false},"author":12,"featured_media":13847,"comment_status":"closed","ping_status":"closed","sticky":false,"template":"","format":"standard","meta":{"footnotes":""},"categories":[4,18],"tags":[],"class_list":["post-13845","post","type-post","status-publish","format-standard","has-post-thumbnail","hentry","category-noticias","category-secretaria-municipal-de-educacao-e-cultura"],"aioseo_notices":[],"_links":{"self":[{"href":"https:\/\/prefeitura.santarosa.rs.gov.br\/index.php?rest_route=\/wp\/v2\/posts\/13845","targetHints":{"allow":["GET"]}}],"collection":[{"href":"https:\/\/prefeitura.santarosa.rs.gov.br\/index.php?rest_route=\/wp\/v2\/posts"}],"about":[{"href":"https:\/\/prefeitura.santarosa.rs.gov.br\/index.php?rest_route=\/wp\/v2\/types\/post"}],"author":[{"embeddable":true,"href":"https:\/\/prefeitura.santarosa.rs.gov.br\/index.php?rest_route=\/wp\/v2\/users\/12"}],"replies":[{"embeddable":true,"href":"https:\/\/prefeitura.santarosa.rs.gov.br\/index.php?rest_route=%2Fwp%2Fv2%2Fcomments&post=13845"}],"version-history":[{"count":1,"href":"https:\/\/prefeitura.santarosa.rs.gov.br\/index.php?rest_route=\/wp\/v2\/posts\/13845\/revisions"}],"predecessor-version":[{"id":13848,"href":"https:\/\/prefeitura.santarosa.rs.gov.br\/index.php?rest_route=\/wp\/v2\/posts\/13845\/revisions\/13848"}],"wp:featuredmedia":[{"embeddable":true,"href":"https:\/\/prefeitura.santarosa.rs.gov.br\/index.php?rest_route=\/wp\/v2\/media\/13847"}],"wp:attachment":[{"href":"https:\/\/prefeitura.santarosa.rs.gov.br\/index.php?rest_route=%2Fwp%2Fv2%2Fmedia&parent=13845"}],"wp:term":[{"taxonomy":"category","embeddable":true,"href":"https:\/\/prefeitura.santarosa.rs.gov.br\/index.php?rest_route=%2Fwp%2Fv2%2Fcategories&post=13845"},{"taxonomy":"post_tag","embeddable":true,"href":"https:\/\/prefeitura.santarosa.rs.gov.br\/index.php?rest_route=%2Fwp%2Fv2%2Ftags&post=13845"}],"curies":[{"name":"wp","href":"https:\/\/api.w.org\/{rel}","templated":true}]}}