{"id":13840,"date":"2025-05-09T15:48:44","date_gmt":"2025-05-09T18:48:44","guid":{"rendered":"https:\/\/prefeitura.santarosa.rs.gov.br\/?p=13840"},"modified":"2025-05-09T15:48:44","modified_gmt":"2025-05-09T18:48:44","slug":"cer-ii-santa-rosa-realiza-orientacoes-nas-escolas-sobre-o-uso-de-aparelhos-auditivos","status":"publish","type":"post","link":"https:\/\/prefeitura.santarosa.rs.gov.br\/?p=13840","title":{"rendered":"CER II Santa Rosa realiza orienta\u00e7\u00f5es nas escolas sobre o uso de aparelhos auditivos"},"content":{"rendered":"\n<figure class=\"wp-block-image size-full\"><img fetchpriority=\"high\" decoding=\"async\" width=\"860\" height=\"645\" src=\"https:\/\/prefeitura.santarosa.rs.gov.br\/wp-content\/uploads\/2025\/05\/Formato-Site-e-Portal-860X645-JPG-2025-05-09T154657.316.jpg\" alt=\"\" class=\"wp-image-13841\" srcset=\"https:\/\/prefeitura.santarosa.rs.gov.br\/wp-content\/uploads\/2025\/05\/Formato-Site-e-Portal-860X645-JPG-2025-05-09T154657.316.jpg 860w, https:\/\/prefeitura.santarosa.rs.gov.br\/wp-content\/uploads\/2025\/05\/Formato-Site-e-Portal-860X645-JPG-2025-05-09T154657.316-300x225.jpg 300w, https:\/\/prefeitura.santarosa.rs.gov.br\/wp-content\/uploads\/2025\/05\/Formato-Site-e-Portal-860X645-JPG-2025-05-09T154657.316-768x576.jpg 768w\" sizes=\"(max-width: 860px) 100vw, 860px\" \/><\/figure>\n\n\n\n<p>O Centro Especializado em Reabilita\u00e7\u00e3o Auditiva e Intelectual (CER II) de Santa Rosa, vinculado \u00e0 Funda\u00e7\u00e3o Municipal de Sa\u00fade, est\u00e1 realizando a\u00e7\u00f5es de apoio nas escolas do munic\u00edpio. O objetivo \u00e9 orientar as equipes pedag\u00f3gicas sobre como manusear corretamente os aparelhos auditivos utilizados por estudantes com defici\u00eancia auditiva. Recentemente, a fonoaudi\u00f3loga \u00c2ngela Mattiazzi e a terapeuta ocupacional L\u00edgia Junges estiveram na Escola Municipal de Educa\u00e7\u00e3o Infantil Sonho Infantil. Durante a visita, foram compartilhadas informa\u00e7\u00f5es e experi\u00eancias sobre o uso e os cuidados com os aparelhos auditivos de um aluno do Maternal I.<\/p>\n\n\n\n<p>Esse trabalho conjunto entre sa\u00fade e educa\u00e7\u00e3o \u00e9 chamado de &#8220;matriciamento&#8221;. Ele \u00e9 essencial quando um aluno come\u00e7a a usar aparelho auditivo, pois garante um suporte completo: t\u00e9cnico, pedag\u00f3gico e terap\u00eautico para a crian\u00e7a, a fam\u00edlia e a escola. A fonoaudi\u00f3loga \u00c2ngela Mattiazzi destaca a import\u00e2ncia desse tipo de a\u00e7\u00e3o para facilitar a adapta\u00e7\u00e3o da crian\u00e7a ao uso dos aparelhos auditivos e oferecer o apoio necess\u00e1rio para a fam\u00edlia e para a equipe escolar, &#8220;A inclus\u00e3o educacional n\u00e3o significa apenas garantir a matr\u00edcula, mas tamb\u00e9m assegurar que todos os alunos com defici\u00eancia tenham condi\u00e7\u00f5es de permanecer na escola e aprender com qualidade. Para isso, \u00e9 fundamental a parceria entre escola, servi\u00e7os de sa\u00fade e n\u00facleo familiar&#8221;.<\/p>\n\n\n\n<p>No caso da defici\u00eancia auditiva, s\u00e3o utilizados aparelhos auditivos e microfones remotos (antigo sistema FM), que ajudam a crian\u00e7a a ouvir e entender melhor a fala. Esses recursos s\u00e3o essenciais para o desenvolvimento da linguagem e da aprendizagem.<\/p>\n","protected":false},"excerpt":{"rendered":"<p>O Centro Especializado em Reabilita\u00e7\u00e3o Auditiva e Intelectual (CER II) de Santa Rosa, vinculado \u00e0 Funda\u00e7\u00e3o Municipal de Sa\u00fade, est\u00e1<\/p>\n","protected":false},"author":12,"featured_media":13842,"comment_status":"closed","ping_status":"closed","sticky":false,"template":"","format":"standard","meta":{"footnotes":""},"categories":[4,8],"tags":[],"class_list":["post-13840","post","type-post","status-publish","format-standard","has-post-thumbnail","hentry","category-noticias","category-noticias-fumssar"],"aioseo_notices":[],"_links":{"self":[{"href":"https:\/\/prefeitura.santarosa.rs.gov.br\/index.php?rest_route=\/wp\/v2\/posts\/13840","targetHints":{"allow":["GET"]}}],"collection":[{"href":"https:\/\/prefeitura.santarosa.rs.gov.br\/index.php?rest_route=\/wp\/v2\/posts"}],"about":[{"href":"https:\/\/prefeitura.santarosa.rs.gov.br\/index.php?rest_route=\/wp\/v2\/types\/post"}],"author":[{"embeddable":true,"href":"https:\/\/prefeitura.santarosa.rs.gov.br\/index.php?rest_route=\/wp\/v2\/users\/12"}],"replies":[{"embeddable":true,"href":"https:\/\/prefeitura.santarosa.rs.gov.br\/index.php?rest_route=%2Fwp%2Fv2%2Fcomments&post=13840"}],"version-history":[{"count":1,"href":"https:\/\/prefeitura.santarosa.rs.gov.br\/index.php?rest_route=\/wp\/v2\/posts\/13840\/revisions"}],"predecessor-version":[{"id":13843,"href":"https:\/\/prefeitura.santarosa.rs.gov.br\/index.php?rest_route=\/wp\/v2\/posts\/13840\/revisions\/13843"}],"wp:featuredmedia":[{"embeddable":true,"href":"https:\/\/prefeitura.santarosa.rs.gov.br\/index.php?rest_route=\/wp\/v2\/media\/13842"}],"wp:attachment":[{"href":"https:\/\/prefeitura.santarosa.rs.gov.br\/index.php?rest_route=%2Fwp%2Fv2%2Fmedia&parent=13840"}],"wp:term":[{"taxonomy":"category","embeddable":true,"href":"https:\/\/prefeitura.santarosa.rs.gov.br\/index.php?rest_route=%2Fwp%2Fv2%2Fcategories&post=13840"},{"taxonomy":"post_tag","embeddable":true,"href":"https:\/\/prefeitura.santarosa.rs.gov.br\/index.php?rest_route=%2Fwp%2Fv2%2Ftags&post=13840"}],"curies":[{"name":"wp","href":"https:\/\/api.w.org\/{rel}","templated":true}]}}