{"id":13836,"date":"2025-05-09T15:38:24","date_gmt":"2025-05-09T18:38:24","guid":{"rendered":"https:\/\/prefeitura.santarosa.rs.gov.br\/?p=13836"},"modified":"2025-05-09T15:41:26","modified_gmt":"2025-05-09T18:41:26","slug":"prefeitura-promove-acao-de-conscientizacao-contra-o-abuso-e-a-exploracao-sexual-de-criancas-e-adolescentes","status":"publish","type":"post","link":"https:\/\/prefeitura.santarosa.rs.gov.br\/?p=13836","title":{"rendered":"Prefeitura promove a\u00e7\u00e3o de conscientiza\u00e7\u00e3o contra o abuso e a explora\u00e7\u00e3o sexual de crian\u00e7as e adolescentes"},"content":{"rendered":"\n<figure class=\"wp-block-image size-full\"><img fetchpriority=\"high\" decoding=\"async\" width=\"860\" height=\"645\" src=\"https:\/\/prefeitura.santarosa.rs.gov.br\/wp-content\/uploads\/2025\/05\/Formato-Site-e-Portal-860X645-JPG-2025-05-09T152736.116.jpg\" alt=\"\" class=\"wp-image-13837\" srcset=\"https:\/\/prefeitura.santarosa.rs.gov.br\/wp-content\/uploads\/2025\/05\/Formato-Site-e-Portal-860X645-JPG-2025-05-09T152736.116.jpg 860w, https:\/\/prefeitura.santarosa.rs.gov.br\/wp-content\/uploads\/2025\/05\/Formato-Site-e-Portal-860X645-JPG-2025-05-09T152736.116-300x225.jpg 300w, https:\/\/prefeitura.santarosa.rs.gov.br\/wp-content\/uploads\/2025\/05\/Formato-Site-e-Portal-860X645-JPG-2025-05-09T152736.116-768x576.jpg 768w\" sizes=\"(max-width: 860px) 100vw, 860px\" \/><\/figure>\n\n\n\n<p>A Prefeitura de Santa Rosa, por meio da Secretaria de Desenvolvimento Social, informa que ir\u00e1 realizar uma importante a\u00e7\u00e3o de sensibiliza\u00e7\u00e3o na pr\u00f3xima semana. A atividade ser\u00e1 alusiva ao Maio Laranja: campanha nacional de enfrentamento ao abuso e \u00e0 explora\u00e7\u00e3o sexual de crian\u00e7as e adolescentes. O evento vai acontecer no dia 17 de maio (s\u00e1bado), das 08h30min \u00e0s 11h30min, na Pra\u00e7a da Bandeira. A iniciativa conta com a parceria do Conselho Tutelar, CREAS e do Programa Crian\u00e7a Feliz.<\/p>\n\n\n\n<p>Durante a atividade, ser\u00e3o distribu\u00eddos folders informativos com orienta\u00e7\u00f5es sobre como identificar sinais de abuso e explora\u00e7\u00e3o, onde buscar ajuda e a import\u00e2ncia da den\u00fancia. Equipes estar\u00e3o presentes para dialogar com a comunidade e esclarecer d\u00favidas sobre o tema. A Secret\u00e1ria de Desenvolvimento Social, Rita Strasser, destaca a relev\u00e2ncia da a\u00e7\u00e3o, \u201c\u00c9 fundamental que a sociedade esteja atenta e engajada na prote\u00e7\u00e3o de nossas crian\u00e7as e adolescentes. A informa\u00e7\u00e3o \u00e9 uma das principais ferramentas de combate a esse tipo de viol\u00eancia\u201d.<\/p>\n\n\n\n<p>O evento tem como foco informar, sensibilizar e mobilizar a popula\u00e7\u00e3o em torno dessa causa, contribuindo para a cria\u00e7\u00e3o de uma rede de prote\u00e7\u00e3o mais efetiva e consciente.<\/p>\n","protected":false},"excerpt":{"rendered":"<p>A Prefeitura de Santa Rosa, por meio da Secretaria de Desenvolvimento Social, informa que ir\u00e1 realizar uma importante a\u00e7\u00e3o de<\/p>\n","protected":false},"author":12,"featured_media":13838,"comment_status":"closed","ping_status":"closed","sticky":false,"template":"","format":"standard","meta":{"footnotes":""},"categories":[4,17],"tags":[],"class_list":["post-13836","post","type-post","status-publish","format-standard","has-post-thumbnail","hentry","category-noticias","category-secretaria-municipal-de-desenvolvimento-social"],"aioseo_notices":[],"_links":{"self":[{"href":"https:\/\/prefeitura.santarosa.rs.gov.br\/index.php?rest_route=\/wp\/v2\/posts\/13836","targetHints":{"allow":["GET"]}}],"collection":[{"href":"https:\/\/prefeitura.santarosa.rs.gov.br\/index.php?rest_route=\/wp\/v2\/posts"}],"about":[{"href":"https:\/\/prefeitura.santarosa.rs.gov.br\/index.php?rest_route=\/wp\/v2\/types\/post"}],"author":[{"embeddable":true,"href":"https:\/\/prefeitura.santarosa.rs.gov.br\/index.php?rest_route=\/wp\/v2\/users\/12"}],"replies":[{"embeddable":true,"href":"https:\/\/prefeitura.santarosa.rs.gov.br\/index.php?rest_route=%2Fwp%2Fv2%2Fcomments&post=13836"}],"version-history":[{"count":1,"href":"https:\/\/prefeitura.santarosa.rs.gov.br\/index.php?rest_route=\/wp\/v2\/posts\/13836\/revisions"}],"predecessor-version":[{"id":13839,"href":"https:\/\/prefeitura.santarosa.rs.gov.br\/index.php?rest_route=\/wp\/v2\/posts\/13836\/revisions\/13839"}],"wp:featuredmedia":[{"embeddable":true,"href":"https:\/\/prefeitura.santarosa.rs.gov.br\/index.php?rest_route=\/wp\/v2\/media\/13838"}],"wp:attachment":[{"href":"https:\/\/prefeitura.santarosa.rs.gov.br\/index.php?rest_route=%2Fwp%2Fv2%2Fmedia&parent=13836"}],"wp:term":[{"taxonomy":"category","embeddable":true,"href":"https:\/\/prefeitura.santarosa.rs.gov.br\/index.php?rest_route=%2Fwp%2Fv2%2Fcategories&post=13836"},{"taxonomy":"post_tag","embeddable":true,"href":"https:\/\/prefeitura.santarosa.rs.gov.br\/index.php?rest_route=%2Fwp%2Fv2%2Ftags&post=13836"}],"curies":[{"name":"wp","href":"https:\/\/api.w.org\/{rel}","templated":true}]}}