{"id":13629,"date":"2025-04-25T09:07:30","date_gmt":"2025-04-25T12:07:30","guid":{"rendered":"https:\/\/prefeitura.santarosa.rs.gov.br\/?p=13629"},"modified":"2025-04-25T09:07:30","modified_gmt":"2025-04-25T12:07:30","slug":"assinatura-para-projeto-da-ponte-internacional-porto-maua-x-alba-posse-sera-na-proxima-segunda","status":"publish","type":"post","link":"https:\/\/prefeitura.santarosa.rs.gov.br\/?p=13629","title":{"rendered":"Assinatura para projeto da Ponte Internacional Porto Mau\u00e1 x Alba Posse ser\u00e1 na pr\u00f3xima segunda"},"content":{"rendered":"\n<figure class=\"wp-block-image size-full\"><img fetchpriority=\"high\" decoding=\"async\" width=\"860\" height=\"645\" src=\"https:\/\/prefeitura.santarosa.rs.gov.br\/wp-content\/uploads\/2025\/04\/Formato-Site-e-Portal-860X645-JPG-2025-04-25T090505.892.jpg\" alt=\"\" class=\"wp-image-13630\" srcset=\"https:\/\/prefeitura.santarosa.rs.gov.br\/wp-content\/uploads\/2025\/04\/Formato-Site-e-Portal-860X645-JPG-2025-04-25T090505.892.jpg 860w, https:\/\/prefeitura.santarosa.rs.gov.br\/wp-content\/uploads\/2025\/04\/Formato-Site-e-Portal-860X645-JPG-2025-04-25T090505.892-300x225.jpg 300w, https:\/\/prefeitura.santarosa.rs.gov.br\/wp-content\/uploads\/2025\/04\/Formato-Site-e-Portal-860X645-JPG-2025-04-25T090505.892-768x576.jpg 768w\" sizes=\"(max-width: 860px) 100vw, 860px\" \/><\/figure>\n\n\n\n<p>A pr\u00f3xima semana ser\u00e1 decisiva para a concretiza\u00e7\u00e3o de um antigo sonho da regi\u00e3o Noroeste do Rio Grande do Sul. Na pr\u00f3xima segunda-feira (28\/04), \u00e0s 15h, ser\u00e1 realizado, no Pal\u00e1cio Piratini em Porto Alegre, o ato de assinatura do contrato entre o Governo do Estado e a Caixa Econ\u00f4mica Federal para a elabora\u00e7\u00e3o do projeto das Pontes Internacionais. Entre os locais contemplados, est\u00e1 a ponte que ligar\u00e1 Porto Mau\u00e1 (RS) a Alba Posse (Argentina), iniciativa que promete impulsionar o desenvolvimento da regi\u00e3o.<\/p>\n\n\n\n<p>O prefeito de Santa Rosa, Anderson Mantei, divulgou nesta quinta-feira (24), o convite oficial para o evento e celebrou a conquista. Segundo ele, a articula\u00e7\u00e3o junto ao vice-governador Gabriel Souza foi fundamental para garantir o apoio estadual na execu\u00e7\u00e3o dessa etapa t\u00e9cnica. Durante a realiza\u00e7\u00e3o da Fenasoja 2024, no final do ano passado, o prefeito solicitou a ajuda do vice-governador para que o projeto pudesse avan\u00e7ar. Os termos de refer\u00eancia ser\u00e3o custeados com recursos estaduais, &#8220;Essa \u00e9 uma ponte que vai beneficiar toda a regi\u00e3o fronteira-noroeste. Estamos trabalhando pensando no futuro e no desenvolvimento dos munic\u00edpios da nossa regi\u00e3o. A partir da ponte Porto Mau\u00e1 x Alba Posse e do novo aeroporto de Santa Rosa, a regi\u00e3o ser\u00e1 outra. O turismo, por exemplo, vai poder avan\u00e7ar muito, gerando mais desenvolvimento e economia para as cidades ga\u00fachas do Noroeste do Estado. Estamos empenhados em agilizar essa obra que ser\u00e1 estrat\u00e9gica para fortalecer o com\u00e9rcio e o turismo entre o Brasil e a Argentina&#8221;, destacou Mantei.<\/p>\n\n\n\n<p>Desde o final do ano at\u00e9 agora, o prefeito j\u00e1 esteve em Porto Alegre outra vezes, participando de reuni\u00f5es para tratar sobre o tema e avan\u00e7ar com o projeto da ponte de Porto Mau\u00e1 x Alba Posse. Diversas tratativas foram realizadas, sempre com foco na agilidade do projeto, para a partir disso, poder seguir para outra fase, \u201cSem o projeto n\u00e3o temos como avan\u00e7ar, ent\u00e3o agora sim, teremos o projeto para poder seguir avan\u00e7ando para a constru\u00e7\u00e3o dessa ponte que vai mudar o desenvolvimento da regi\u00e3o\u201d, conclui Anderson.<\/p>\n","protected":false},"excerpt":{"rendered":"<p>A pr\u00f3xima semana ser\u00e1 decisiva para a concretiza\u00e7\u00e3o de um antigo sonho da regi\u00e3o Noroeste do Rio Grande do Sul.<\/p>\n","protected":false},"author":12,"featured_media":13631,"comment_status":"closed","ping_status":"closed","sticky":false,"template":"","format":"standard","meta":{"footnotes":""},"categories":[4,3],"tags":[],"class_list":["post-13629","post","type-post","status-publish","format-standard","has-post-thumbnail","hentry","category-noticias","category-gabinete-do-prefeito"],"aioseo_notices":[],"_links":{"self":[{"href":"https:\/\/prefeitura.santarosa.rs.gov.br\/index.php?rest_route=\/wp\/v2\/posts\/13629","targetHints":{"allow":["GET"]}}],"collection":[{"href":"https:\/\/prefeitura.santarosa.rs.gov.br\/index.php?rest_route=\/wp\/v2\/posts"}],"about":[{"href":"https:\/\/prefeitura.santarosa.rs.gov.br\/index.php?rest_route=\/wp\/v2\/types\/post"}],"author":[{"embeddable":true,"href":"https:\/\/prefeitura.santarosa.rs.gov.br\/index.php?rest_route=\/wp\/v2\/users\/12"}],"replies":[{"embeddable":true,"href":"https:\/\/prefeitura.santarosa.rs.gov.br\/index.php?rest_route=%2Fwp%2Fv2%2Fcomments&post=13629"}],"version-history":[{"count":1,"href":"https:\/\/prefeitura.santarosa.rs.gov.br\/index.php?rest_route=\/wp\/v2\/posts\/13629\/revisions"}],"predecessor-version":[{"id":13632,"href":"https:\/\/prefeitura.santarosa.rs.gov.br\/index.php?rest_route=\/wp\/v2\/posts\/13629\/revisions\/13632"}],"wp:featuredmedia":[{"embeddable":true,"href":"https:\/\/prefeitura.santarosa.rs.gov.br\/index.php?rest_route=\/wp\/v2\/media\/13631"}],"wp:attachment":[{"href":"https:\/\/prefeitura.santarosa.rs.gov.br\/index.php?rest_route=%2Fwp%2Fv2%2Fmedia&parent=13629"}],"wp:term":[{"taxonomy":"category","embeddable":true,"href":"https:\/\/prefeitura.santarosa.rs.gov.br\/index.php?rest_route=%2Fwp%2Fv2%2Fcategories&post=13629"},{"taxonomy":"post_tag","embeddable":true,"href":"https:\/\/prefeitura.santarosa.rs.gov.br\/index.php?rest_route=%2Fwp%2Fv2%2Ftags&post=13629"}],"curies":[{"name":"wp","href":"https:\/\/api.w.org\/{rel}","templated":true}]}}