{"id":13614,"date":"2025-04-24T13:37:12","date_gmt":"2025-04-24T16:37:12","guid":{"rendered":"https:\/\/prefeitura.santarosa.rs.gov.br\/?p=13614"},"modified":"2025-04-24T13:51:27","modified_gmt":"2025-04-24T16:51:27","slug":"secretaria-de-meio-ambiente-ira-realizar-acao-do-abril-laranja-no-proximo-sabado","status":"publish","type":"post","link":"https:\/\/prefeitura.santarosa.rs.gov.br\/?p=13614","title":{"rendered":"Secretaria de Meio Ambiente ir\u00e1 realizar a\u00e7\u00e3o do Abril Laranja no pr\u00f3ximo s\u00e1bado"},"content":{"rendered":"\n<figure class=\"wp-block-image size-full\"><img fetchpriority=\"high\" decoding=\"async\" width=\"860\" height=\"645\" src=\"https:\/\/prefeitura.santarosa.rs.gov.br\/wp-content\/uploads\/2025\/04\/Formato-Site-e-Portal-860X645-JPG-2025-04-24T133222.963-1.jpg\" alt=\"\" class=\"wp-image-13619\" srcset=\"https:\/\/prefeitura.santarosa.rs.gov.br\/wp-content\/uploads\/2025\/04\/Formato-Site-e-Portal-860X645-JPG-2025-04-24T133222.963-1.jpg 860w, https:\/\/prefeitura.santarosa.rs.gov.br\/wp-content\/uploads\/2025\/04\/Formato-Site-e-Portal-860X645-JPG-2025-04-24T133222.963-1-300x225.jpg 300w, https:\/\/prefeitura.santarosa.rs.gov.br\/wp-content\/uploads\/2025\/04\/Formato-Site-e-Portal-860X645-JPG-2025-04-24T133222.963-1-768x576.jpg 768w\" sizes=\"(max-width: 860px) 100vw, 860px\" \/><\/figure>\n\n\n\n<p>A Prefeitura de Santa Rosa, por meio da Secretaria de Meio Ambiente, ir\u00e1 promover no pr\u00f3ximo s\u00e1bado (26\/04), uma a\u00e7\u00e3o especial em alus\u00e3o ao Abril Laranja: m\u00eas dedicado \u00e0 conscientiza\u00e7\u00e3o e preven\u00e7\u00e3o dos maus-tratos contra animais. A programa\u00e7\u00e3o vai acontecer na Pra\u00e7a da Bandeira, das 8h \u00e0s 12h, com diversas atividades abertas \u00e0 comunidade. Durante o evento, ser\u00e3o oferecidos servi\u00e7os como orienta\u00e7\u00f5es com m\u00e9dica veterin\u00e1ria, apresenta\u00e7\u00e3o dos c\u00e3es da Brigada Militar e distribui\u00e7\u00e3o de materiais educativos. ONGs do munic\u00edpio tamb\u00e9m estar\u00e3o presentes, refor\u00e7ando a import\u00e2ncia da causa.<\/p>\n\n\n\n<p>Um dos principais focos da a\u00e7\u00e3o \u00e9 informar a popula\u00e7\u00e3o sobre os canais de den\u00fancia dispon\u00edveis no munic\u00edpio e conscientizar sobre a legisla\u00e7\u00e3o vigente. O movimento Abril Laranja destaca que todo e qualquer animal, dom\u00e9stico ou silvestre, tem direito a um tratamento digno e respeitoso, devendo ser protegido por lei. O Secret\u00e1rio de Meio Ambiente, Gustavo Foliatti, refor\u00e7a o convite para a comunidade, \u201c\u00c9 fundamental que todos se engajem nessa causa. A prote\u00e7\u00e3o animal \u00e9 um dever coletivo, e a\u00e7\u00f5es como esta ajudam a construir uma cidade mais consciente e solid\u00e1ria. Convidamos toda a popula\u00e7\u00e3o para participar e fazer a diferen\u00e7a\u201d.<\/p>\n\n\n\n<p>Durante a a\u00e7\u00e3o, tamb\u00e9m haver\u00e1 a possibilidade de ado\u00e7\u00e3o de animais, todos com a vacina\u00e7\u00e3o em dia. Quem adotar um pet ganhar\u00e1 uma casinha como brinde. A Prefeitura refor\u00e7a ainda os diversos canais de den\u00fancia de maus-tratos contra animais: Ouvidoria Municipal, Pol\u00edcia Civil, Pol\u00edcia Ambiental, Minist\u00e9rio P\u00fablico e Organiza\u00e7\u00f5es N\u00e3o Governamentais (ONGs) voltadas \u00e0 prote\u00e7\u00e3o animal. As den\u00fancias podem ser feitas de forma an\u00f4nima e online, por meio do Portal do Cidad\u00e3o, ou pelo telefone (55) 3511-5116.<\/p>\n\n\n\n<p><\/p>\n","protected":false},"excerpt":{"rendered":"<p>A Prefeitura de Santa Rosa, por meio da Secretaria de Meio Ambiente, ir\u00e1 promover no pr\u00f3ximo s\u00e1bado (26\/04), uma a\u00e7\u00e3o<\/p>\n","protected":false},"author":12,"featured_media":13621,"comment_status":"closed","ping_status":"closed","sticky":false,"template":"","format":"standard","meta":{"footnotes":""},"categories":[4,20],"tags":[],"class_list":["post-13614","post","type-post","status-publish","format-standard","has-post-thumbnail","hentry","category-noticias","category-secretaria-municipal-de-meio-ambiente"],"aioseo_notices":[],"_links":{"self":[{"href":"https:\/\/prefeitura.santarosa.rs.gov.br\/index.php?rest_route=\/wp\/v2\/posts\/13614","targetHints":{"allow":["GET"]}}],"collection":[{"href":"https:\/\/prefeitura.santarosa.rs.gov.br\/index.php?rest_route=\/wp\/v2\/posts"}],"about":[{"href":"https:\/\/prefeitura.santarosa.rs.gov.br\/index.php?rest_route=\/wp\/v2\/types\/post"}],"author":[{"embeddable":true,"href":"https:\/\/prefeitura.santarosa.rs.gov.br\/index.php?rest_route=\/wp\/v2\/users\/12"}],"replies":[{"embeddable":true,"href":"https:\/\/prefeitura.santarosa.rs.gov.br\/index.php?rest_route=%2Fwp%2Fv2%2Fcomments&post=13614"}],"version-history":[{"count":2,"href":"https:\/\/prefeitura.santarosa.rs.gov.br\/index.php?rest_route=\/wp\/v2\/posts\/13614\/revisions"}],"predecessor-version":[{"id":13622,"href":"https:\/\/prefeitura.santarosa.rs.gov.br\/index.php?rest_route=\/wp\/v2\/posts\/13614\/revisions\/13622"}],"wp:featuredmedia":[{"embeddable":true,"href":"https:\/\/prefeitura.santarosa.rs.gov.br\/index.php?rest_route=\/wp\/v2\/media\/13621"}],"wp:attachment":[{"href":"https:\/\/prefeitura.santarosa.rs.gov.br\/index.php?rest_route=%2Fwp%2Fv2%2Fmedia&parent=13614"}],"wp:term":[{"taxonomy":"category","embeddable":true,"href":"https:\/\/prefeitura.santarosa.rs.gov.br\/index.php?rest_route=%2Fwp%2Fv2%2Fcategories&post=13614"},{"taxonomy":"post_tag","embeddable":true,"href":"https:\/\/prefeitura.santarosa.rs.gov.br\/index.php?rest_route=%2Fwp%2Fv2%2Ftags&post=13614"}],"curies":[{"name":"wp","href":"https:\/\/api.w.org\/{rel}","templated":true}]}}