{"id":13605,"date":"2025-04-23T16:25:41","date_gmt":"2025-04-23T19:25:41","guid":{"rendered":"https:\/\/prefeitura.santarosa.rs.gov.br\/?p=13605"},"modified":"2025-04-23T16:25:42","modified_gmt":"2025-04-23T19:25:42","slug":"modernizacao-da-gestao-publica-prefeitura-tem-334-servicos-digitais-implementados","status":"publish","type":"post","link":"https:\/\/prefeitura.santarosa.rs.gov.br\/?p=13605","title":{"rendered":"Moderniza\u00e7\u00e3o da Gest\u00e3o P\u00fablica: prefeitura tem 334 servi\u00e7os digitais implementados"},"content":{"rendered":"\n<figure class=\"wp-block-image size-full\"><img fetchpriority=\"high\" decoding=\"async\" width=\"860\" height=\"645\" src=\"https:\/\/prefeitura.santarosa.rs.gov.br\/wp-content\/uploads\/2025\/04\/Formato-Site-e-Portal-860X645-JPG-2025-04-23T162318.077.jpg\" alt=\"\" class=\"wp-image-13606\" srcset=\"https:\/\/prefeitura.santarosa.rs.gov.br\/wp-content\/uploads\/2025\/04\/Formato-Site-e-Portal-860X645-JPG-2025-04-23T162318.077.jpg 860w, https:\/\/prefeitura.santarosa.rs.gov.br\/wp-content\/uploads\/2025\/04\/Formato-Site-e-Portal-860X645-JPG-2025-04-23T162318.077-300x225.jpg 300w, https:\/\/prefeitura.santarosa.rs.gov.br\/wp-content\/uploads\/2025\/04\/Formato-Site-e-Portal-860X645-JPG-2025-04-23T162318.077-768x576.jpg 768w\" sizes=\"(max-width: 860px) 100vw, 860px\" \/><\/figure>\n\n\n\n<p>A padroniza\u00e7\u00e3o e digitaliza\u00e7\u00e3o dos processos administrativos t\u00eam sido fundamentais para a moderniza\u00e7\u00e3o e a efici\u00eancia do servi\u00e7o p\u00fablico em Santa Rosa. A implementa\u00e7\u00e3o de processos digitais j\u00e1 alcan\u00e7ou impactos significativos na otimiza\u00e7\u00e3o do tempo, na redu\u00e7\u00e3o de erros operacionais e no corte de custos, contribuindo diretamente para uma gest\u00e3o mais enxuta e eficaz. Atualmente, a Prefeitura conta com 334 servi\u00e7os digitais que agilizam e facilitam o acesso da popula\u00e7\u00e3o.<\/p>\n\n\n\n<p>Com a automatiza\u00e7\u00e3o de rotinas que antes eram manuais e demandavam uma log\u00edstica interna, foi poss\u00edvel reorganizar equipes e reduzir o n\u00famero de servidores em atividades burocr\u00e1ticas, sem prejudicar a qualidade dos servi\u00e7os prestados. O Secret\u00e1rio de Gest\u00e3o, Ademir Rosa, destacou que a digitaliza\u00e7\u00e3o dos processos administrativos representa um marco na Administra\u00e7\u00e3o P\u00fablica de Santa Rosa, \u201cEstamos avan\u00e7ando para uma gest\u00e3o mais transparente, moderna e econ\u00f4mica, onde a tecnologia \u00e9 aliada da boa governan\u00e7a e da efici\u00eancia dos servi\u00e7os. Essa padroniza\u00e7\u00e3o refor\u00e7a o compromisso do Governo Municipal com a inova\u00e7\u00e3o e o uso respons\u00e1vel dos recursos p\u00fablicos, fortalecendo a confian\u00e7a da popula\u00e7\u00e3o nos servi\u00e7os prestados pela Prefeitura\u201d.<\/p>\n\n\n\n<p>O Departamento de Recursos Humanos, que lida com grande volume de processos, \u00e9 um dos setores que mais teve avan\u00e7os nessa transi\u00e7\u00e3o. Com a padroniza\u00e7\u00e3o e digitaliza\u00e7\u00e3o, o departamento reduziu o n\u00famero de agentes administrativos e estagi\u00e1rios, sem comprometer a produtividade e a agilidade nas demandas internas. Para Margueidi Cunegatto, Diretora do RH, a digitaliza\u00e7\u00e3o dos processos no Departamento de Recursos Humanos tem sido um divisor de \u00e1guas na rotina de trabalho, \u201cCom a padroniza\u00e7\u00e3o e a ado\u00e7\u00e3o de sistemas digitais, conseguimos reduzir significativamente o tempo de resposta \u00e0s demandas internas, minimizar erros operacionais e garantir mais seguran\u00e7a e rastreabilidade nas informa\u00e7\u00f5es\u201d. O impacto \u00e9 vis\u00edvel: mais agilidade, mais organiza\u00e7\u00e3o e um ambiente de trabalho mais produtivo.<\/p>\n","protected":false},"excerpt":{"rendered":"<p>A padroniza\u00e7\u00e3o e digitaliza\u00e7\u00e3o dos processos administrativos t\u00eam sido fundamentais para a moderniza\u00e7\u00e3o e a efici\u00eancia do servi\u00e7o p\u00fablico em<\/p>\n","protected":false},"author":12,"featured_media":13607,"comment_status":"closed","ping_status":"closed","sticky":false,"template":"","format":"standard","meta":{"footnotes":""},"categories":[4,23],"tags":[],"class_list":["post-13605","post","type-post","status-publish","format-standard","has-post-thumbnail","hentry","category-noticias","category-secretaria-municipal-governanca-gestao"],"aioseo_notices":[],"_links":{"self":[{"href":"https:\/\/prefeitura.santarosa.rs.gov.br\/index.php?rest_route=\/wp\/v2\/posts\/13605","targetHints":{"allow":["GET"]}}],"collection":[{"href":"https:\/\/prefeitura.santarosa.rs.gov.br\/index.php?rest_route=\/wp\/v2\/posts"}],"about":[{"href":"https:\/\/prefeitura.santarosa.rs.gov.br\/index.php?rest_route=\/wp\/v2\/types\/post"}],"author":[{"embeddable":true,"href":"https:\/\/prefeitura.santarosa.rs.gov.br\/index.php?rest_route=\/wp\/v2\/users\/12"}],"replies":[{"embeddable":true,"href":"https:\/\/prefeitura.santarosa.rs.gov.br\/index.php?rest_route=%2Fwp%2Fv2%2Fcomments&post=13605"}],"version-history":[{"count":1,"href":"https:\/\/prefeitura.santarosa.rs.gov.br\/index.php?rest_route=\/wp\/v2\/posts\/13605\/revisions"}],"predecessor-version":[{"id":13608,"href":"https:\/\/prefeitura.santarosa.rs.gov.br\/index.php?rest_route=\/wp\/v2\/posts\/13605\/revisions\/13608"}],"wp:featuredmedia":[{"embeddable":true,"href":"https:\/\/prefeitura.santarosa.rs.gov.br\/index.php?rest_route=\/wp\/v2\/media\/13607"}],"wp:attachment":[{"href":"https:\/\/prefeitura.santarosa.rs.gov.br\/index.php?rest_route=%2Fwp%2Fv2%2Fmedia&parent=13605"}],"wp:term":[{"taxonomy":"category","embeddable":true,"href":"https:\/\/prefeitura.santarosa.rs.gov.br\/index.php?rest_route=%2Fwp%2Fv2%2Fcategories&post=13605"},{"taxonomy":"post_tag","embeddable":true,"href":"https:\/\/prefeitura.santarosa.rs.gov.br\/index.php?rest_route=%2Fwp%2Fv2%2Ftags&post=13605"}],"curies":[{"name":"wp","href":"https:\/\/api.w.org\/{rel}","templated":true}]}}