{"id":13601,"date":"2025-04-23T09:55:57","date_gmt":"2025-04-23T12:55:57","guid":{"rendered":"https:\/\/prefeitura.santarosa.rs.gov.br\/?p=13601"},"modified":"2025-04-23T09:55:58","modified_gmt":"2025-04-23T12:55:58","slug":"governo-municipal-segue-com-acoes-para-melhorar-a-mobilidade-urbana-em-santa-rosa","status":"publish","type":"post","link":"https:\/\/prefeitura.santarosa.rs.gov.br\/?p=13601","title":{"rendered":"Governo Municipal segue com a\u00e7\u00f5es para melhorar a mobilidade urbana em Santa Rosa"},"content":{"rendered":"\n<figure class=\"wp-block-image size-full\"><img fetchpriority=\"high\" decoding=\"async\" width=\"860\" height=\"645\" src=\"https:\/\/prefeitura.santarosa.rs.gov.br\/wp-content\/uploads\/2025\/04\/Formato-Site-e-Portal-860X645-JPG-2025-04-23T094828.448.jpg\" alt=\"\" class=\"wp-image-13602\" srcset=\"https:\/\/prefeitura.santarosa.rs.gov.br\/wp-content\/uploads\/2025\/04\/Formato-Site-e-Portal-860X645-JPG-2025-04-23T094828.448.jpg 860w, https:\/\/prefeitura.santarosa.rs.gov.br\/wp-content\/uploads\/2025\/04\/Formato-Site-e-Portal-860X645-JPG-2025-04-23T094828.448-300x225.jpg 300w, https:\/\/prefeitura.santarosa.rs.gov.br\/wp-content\/uploads\/2025\/04\/Formato-Site-e-Portal-860X645-JPG-2025-04-23T094828.448-768x576.jpg 768w\" sizes=\"(max-width: 860px) 100vw, 860px\" \/><\/figure>\n\n\n\n<p>As mudan\u00e7as no tr\u00e2nsito de Santa Rosa t\u00eam sido constantes e fazem parte das a\u00e7\u00f5es cont\u00ednuas do Governo Municipal para melhorar a mobilidade urbana. Na \u00faltima semana, a Secretaria de Mobilidade Urbana anunciou a instala\u00e7\u00e3o de uma nova r\u00f3tula no cruzamento da Avenida Borges de Medeiros com a Rua Boa Vista. Entre as melhorias recentes, tamb\u00e9m est\u00e1 a instala\u00e7\u00e3o de um novo sem\u00e1foro na Avenida Tuparendi, no cruzamento com a Rua Nolar Kruel, al\u00e9m de outras a\u00e7\u00f5es de sinaliza\u00e7\u00e3o e pintura realizadas em diferentes pontos da cidade.<\/p>\n\n\n\n<p>A nova r\u00f3tula instalada no Centro da cidade tem como objetivo a fluidez e a democracia no tr\u00e2nsito: a prefer\u00eancia \u00e9 de quem chega primeiro. A medida atende a uma solicita\u00e7\u00e3o antiga de moradores, vereadores e motoristas de ambul\u00e2ncia que acessam a FUMSSAR, garantindo mais agilidade e seguran\u00e7a na regi\u00e3o. O Secret\u00e1rio de Mobilidade Urbana, Gilberto Kr\u00fcger, destaca, \u201cEssas a\u00e7\u00f5es organizam melhor o tr\u00e2nsito, facilitam o fluxo de ve\u00edculos e proporcionam maior seguran\u00e7a para pedestres e motoristas\u201d.<\/p>\n\n\n\n<p>Al\u00e9m das a\u00e7\u00f5es realizadas recentemente, em breve deve iniciar no munic\u00edpio, a primeira etapa do Plano de Mobilidade Urbana. A Avenida Expedicion\u00e1rio Weber ser\u00e1 o primeiro trecho contemplado. A licita\u00e7\u00e3o da obra est\u00e1 prevista para o dia 30 de abril.<\/p>\n","protected":false},"excerpt":{"rendered":"<p>As mudan\u00e7as no tr\u00e2nsito de Santa Rosa t\u00eam sido constantes e fazem parte das a\u00e7\u00f5es cont\u00ednuas do Governo Municipal para<\/p>\n","protected":false},"author":12,"featured_media":13603,"comment_status":"closed","ping_status":"closed","sticky":false,"template":"","format":"standard","meta":{"footnotes":""},"categories":[4,27],"tags":[],"class_list":["post-13601","post","type-post","status-publish","format-standard","has-post-thumbnail","hentry","category-noticias","category-secretaria-municipal-de-mobilidade-urbana"],"aioseo_notices":[],"_links":{"self":[{"href":"https:\/\/prefeitura.santarosa.rs.gov.br\/index.php?rest_route=\/wp\/v2\/posts\/13601","targetHints":{"allow":["GET"]}}],"collection":[{"href":"https:\/\/prefeitura.santarosa.rs.gov.br\/index.php?rest_route=\/wp\/v2\/posts"}],"about":[{"href":"https:\/\/prefeitura.santarosa.rs.gov.br\/index.php?rest_route=\/wp\/v2\/types\/post"}],"author":[{"embeddable":true,"href":"https:\/\/prefeitura.santarosa.rs.gov.br\/index.php?rest_route=\/wp\/v2\/users\/12"}],"replies":[{"embeddable":true,"href":"https:\/\/prefeitura.santarosa.rs.gov.br\/index.php?rest_route=%2Fwp%2Fv2%2Fcomments&post=13601"}],"version-history":[{"count":1,"href":"https:\/\/prefeitura.santarosa.rs.gov.br\/index.php?rest_route=\/wp\/v2\/posts\/13601\/revisions"}],"predecessor-version":[{"id":13604,"href":"https:\/\/prefeitura.santarosa.rs.gov.br\/index.php?rest_route=\/wp\/v2\/posts\/13601\/revisions\/13604"}],"wp:featuredmedia":[{"embeddable":true,"href":"https:\/\/prefeitura.santarosa.rs.gov.br\/index.php?rest_route=\/wp\/v2\/media\/13603"}],"wp:attachment":[{"href":"https:\/\/prefeitura.santarosa.rs.gov.br\/index.php?rest_route=%2Fwp%2Fv2%2Fmedia&parent=13601"}],"wp:term":[{"taxonomy":"category","embeddable":true,"href":"https:\/\/prefeitura.santarosa.rs.gov.br\/index.php?rest_route=%2Fwp%2Fv2%2Fcategories&post=13601"},{"taxonomy":"post_tag","embeddable":true,"href":"https:\/\/prefeitura.santarosa.rs.gov.br\/index.php?rest_route=%2Fwp%2Fv2%2Ftags&post=13601"}],"curies":[{"name":"wp","href":"https:\/\/api.w.org\/{rel}","templated":true}]}}