{"id":13583,"date":"2025-04-17T09:37:47","date_gmt":"2025-04-17T12:37:47","guid":{"rendered":"https:\/\/prefeitura.santarosa.rs.gov.br\/?p=13583"},"modified":"2025-04-17T09:37:48","modified_gmt":"2025-04-17T12:37:48","slug":"cer-ii-completa-10-anos-nesta-quinta-feira","status":"publish","type":"post","link":"https:\/\/prefeitura.santarosa.rs.gov.br\/?p=13583","title":{"rendered":"CER II completa 10 anos nesta quinta-feira"},"content":{"rendered":"\n<figure class=\"wp-block-image size-full\"><img fetchpriority=\"high\" decoding=\"async\" width=\"860\" height=\"645\" src=\"https:\/\/prefeitura.santarosa.rs.gov.br\/wp-content\/uploads\/2025\/04\/Formato-Site-e-Portal-860X645-JPG-2025-04-17T093627.397.jpg\" alt=\"\" class=\"wp-image-13584\" srcset=\"https:\/\/prefeitura.santarosa.rs.gov.br\/wp-content\/uploads\/2025\/04\/Formato-Site-e-Portal-860X645-JPG-2025-04-17T093627.397.jpg 860w, https:\/\/prefeitura.santarosa.rs.gov.br\/wp-content\/uploads\/2025\/04\/Formato-Site-e-Portal-860X645-JPG-2025-04-17T093627.397-300x225.jpg 300w, https:\/\/prefeitura.santarosa.rs.gov.br\/wp-content\/uploads\/2025\/04\/Formato-Site-e-Portal-860X645-JPG-2025-04-17T093627.397-768x576.jpg 768w\" sizes=\"(max-width: 860px) 100vw, 860px\" \/><\/figure>\n\n\n\n<p>O Centro Especializado em Reabilita\u00e7\u00e3o Auditiva e Intelectual &#8211; CER II de Santa Rosa est\u00e1 comemorando seu d\u00e9cimo anivers\u00e1rio nesta quinta-feira (17\/04). Fundado em 2015, o servi\u00e7o integra a Funda\u00e7\u00e3o Municipal de Sa\u00fade e atualmente atende Santa Rosa e outros seis munic\u00edpios da regi\u00e3o Noroeste, oferecendo atendimento especializado para pessoas de 4 dias at\u00e9 101 anos de idade.<\/p>\n\n\n\n<p>Ao longo dessa d\u00e9cada, o CER II realizou um trabalho significativo e transformador na vida de milhares de fam\u00edlias. Foram mais de 25 mil pessoas atendidas, com destaque para os n\u00fameros expressivos de procedimentos: 342.368 ao longo dos anos. Tamb\u00e9m se destacam os 7.094 Testes da Linguinha, cerca de 180 diagn\u00f3sticos de Transtorno do Espectro Autista (TEA) e uma m\u00e9dia de 290 diagn\u00f3sticos de Defici\u00eancia Intelectual (DI).<\/p>\n\n\n\n<p>O servi\u00e7o multiprofissional do CER II passou por diversas mudan\u00e7as e aprimoramentos ao longo dos anos. Foram implementados novos projetos, ampliada a equipe t\u00e9cnica, al\u00e9m de capacita\u00e7\u00f5es constantes dos profissionais, com foco na humaniza\u00e7\u00e3o e na qualidade do atendimento. A coordenadora Michelli Pes agradeceu a dedica\u00e7\u00e3o da equipe e ressaltou a import\u00e2ncia da data, &#8220;Celebrar 10 anos do CER II \u00e9 relembrar uma trajet\u00f3ria de muito trabalho, aprendizado e, principalmente, evolu\u00e7\u00e3o. Nossos profissionais est\u00e3o sempre em busca de qualifica\u00e7\u00e3o para oferecer um atendimento cada vez mais completo e humanizado&#8221;.<\/p>\n\n\n\n<p>Um dos diferenciais do Centro \u00e9 o trabalho com grupos, que estimulam o desenvolvimento dos pacientes e tamb\u00e9m oferecem apoio e orienta\u00e7\u00e3o \u00e0s fam\u00edlias no processo de diagn\u00f3stico e tratamento. Recentemente, o Governo Municipal anunciou o projeto de uma nova sede para o servi\u00e7o que vai contar com uma \u00e1rea total de 1.430,89 m\u00b2, localizada na Rua Germano Dockhorn, ao lado do CRAS de Cruzeiro.<\/p>\n","protected":false},"excerpt":{"rendered":"<p>O Centro Especializado em Reabilita\u00e7\u00e3o Auditiva e Intelectual &#8211; CER II de Santa Rosa est\u00e1 comemorando seu d\u00e9cimo anivers\u00e1rio nesta<\/p>\n","protected":false},"author":12,"featured_media":13585,"comment_status":"closed","ping_status":"closed","sticky":false,"template":"","format":"standard","meta":{"footnotes":""},"categories":[4,8],"tags":[],"class_list":["post-13583","post","type-post","status-publish","format-standard","has-post-thumbnail","hentry","category-noticias","category-noticias-fumssar"],"aioseo_notices":[],"_links":{"self":[{"href":"https:\/\/prefeitura.santarosa.rs.gov.br\/index.php?rest_route=\/wp\/v2\/posts\/13583","targetHints":{"allow":["GET"]}}],"collection":[{"href":"https:\/\/prefeitura.santarosa.rs.gov.br\/index.php?rest_route=\/wp\/v2\/posts"}],"about":[{"href":"https:\/\/prefeitura.santarosa.rs.gov.br\/index.php?rest_route=\/wp\/v2\/types\/post"}],"author":[{"embeddable":true,"href":"https:\/\/prefeitura.santarosa.rs.gov.br\/index.php?rest_route=\/wp\/v2\/users\/12"}],"replies":[{"embeddable":true,"href":"https:\/\/prefeitura.santarosa.rs.gov.br\/index.php?rest_route=%2Fwp%2Fv2%2Fcomments&post=13583"}],"version-history":[{"count":1,"href":"https:\/\/prefeitura.santarosa.rs.gov.br\/index.php?rest_route=\/wp\/v2\/posts\/13583\/revisions"}],"predecessor-version":[{"id":13586,"href":"https:\/\/prefeitura.santarosa.rs.gov.br\/index.php?rest_route=\/wp\/v2\/posts\/13583\/revisions\/13586"}],"wp:featuredmedia":[{"embeddable":true,"href":"https:\/\/prefeitura.santarosa.rs.gov.br\/index.php?rest_route=\/wp\/v2\/media\/13585"}],"wp:attachment":[{"href":"https:\/\/prefeitura.santarosa.rs.gov.br\/index.php?rest_route=%2Fwp%2Fv2%2Fmedia&parent=13583"}],"wp:term":[{"taxonomy":"category","embeddable":true,"href":"https:\/\/prefeitura.santarosa.rs.gov.br\/index.php?rest_route=%2Fwp%2Fv2%2Fcategories&post=13583"},{"taxonomy":"post_tag","embeddable":true,"href":"https:\/\/prefeitura.santarosa.rs.gov.br\/index.php?rest_route=%2Fwp%2Fv2%2Ftags&post=13583"}],"curies":[{"name":"wp","href":"https:\/\/api.w.org\/{rel}","templated":true}]}}