{"id":13579,"date":"2025-04-17T09:30:37","date_gmt":"2025-04-17T12:30:37","guid":{"rendered":"https:\/\/prefeitura.santarosa.rs.gov.br\/?p=13579"},"modified":"2025-04-17T09:44:15","modified_gmt":"2025-04-17T12:44:15","slug":"revitalizacao-do-parquinho-da-praca-10-de-agosto-esta-40-concluida","status":"publish","type":"post","link":"https:\/\/prefeitura.santarosa.rs.gov.br\/?p=13579","title":{"rendered":"Revitaliza\u00e7\u00e3o do parquinho da Pra\u00e7a 10 de Agosto est\u00e1 40% conclu\u00edda"},"content":{"rendered":"\n<figure class=\"wp-block-image size-full\"><img fetchpriority=\"high\" decoding=\"async\" width=\"860\" height=\"645\" src=\"https:\/\/prefeitura.santarosa.rs.gov.br\/wp-content\/uploads\/2025\/04\/Formato-Site-e-Portal-860X645-JPG-2025-04-17T092908.397.jpg\" alt=\"\" class=\"wp-image-13580\" srcset=\"https:\/\/prefeitura.santarosa.rs.gov.br\/wp-content\/uploads\/2025\/04\/Formato-Site-e-Portal-860X645-JPG-2025-04-17T092908.397.jpg 860w, https:\/\/prefeitura.santarosa.rs.gov.br\/wp-content\/uploads\/2025\/04\/Formato-Site-e-Portal-860X645-JPG-2025-04-17T092908.397-300x225.jpg 300w, https:\/\/prefeitura.santarosa.rs.gov.br\/wp-content\/uploads\/2025\/04\/Formato-Site-e-Portal-860X645-JPG-2025-04-17T092908.397-768x576.jpg 768w\" sizes=\"(max-width: 860px) 100vw, 860px\" \/><\/figure>\n\n\n\n<p>As obras de revitaliza\u00e7\u00e3o do parquinho da Pra\u00e7a 10 de Agosto seguem avan\u00e7ando em Santa Rosa. Com investimento de mais de R$ 225 mil de recursos pr\u00f3prios, o projeto j\u00e1 est\u00e1 com 40% dos servi\u00e7os executados. A previs\u00e3o \u00e9 que a obra seja conclu\u00edda em junho deste ano.<\/p>\n\n\n\n<p>Atualmente, as equipes est\u00e3o atuando na pavimenta\u00e7\u00e3o do piso intertravado e no nivelamento do terreno. Antes disso, j\u00e1 foi conclu\u00edda a etapa de drenagem do local. Ao final da obra, a \u00e1rea destinada ao lazer infantil contar\u00e1 tamb\u00e9m com piso emborrachado na zona dos brinquedos, oferecendo mais seguran\u00e7a para as crian\u00e7as. O Prefeito Anderson Mantei destacou a import\u00e2ncia da interven\u00e7\u00e3o, \u201cEssa \u00e9 mais uma obra que refor\u00e7a nosso compromisso com a valoriza\u00e7\u00e3o dos espa\u00e7os p\u00fablicos. Estamos criando ambientes mais adequados e seguros para as crian\u00e7as e suas fam\u00edlias, estimulando o conv\u00edvio social e o lazer\u201d.<\/p>\n\n\n\n<p>As melhorias abrangem uma \u00e1rea total de 1.736 metros quadrados. A iniciativa integra o conjunto de a\u00e7\u00f5es do Governo Municipal voltadas \u00e0 qualifica\u00e7\u00e3o dos espa\u00e7os p\u00fablicos da cidade, com foco na seguran\u00e7a, bem-estar e qualidade de vida da popula\u00e7\u00e3o. Al\u00e9m da obra atual, em 2023 o parquinho tamb\u00e9m recebeu cercamento, como parte das a\u00e7\u00f5es de infraestrutura e seguran\u00e7a. A empresa Sul Cores contribuiu com a doa\u00e7\u00e3o de novos brinquedos e a reforma dos equipamentos j\u00e1 existentes.<\/p>\n\n\n\n<p><\/p>\n","protected":false},"excerpt":{"rendered":"<p>As obras de revitaliza\u00e7\u00e3o do parquinho da Pra\u00e7a 10 de Agosto seguem avan\u00e7ando em Santa Rosa. Com investimento de mais<\/p>\n","protected":false},"author":12,"featured_media":13581,"comment_status":"closed","ping_status":"closed","sticky":false,"template":"","format":"standard","meta":{"footnotes":""},"categories":[4,22],"tags":[],"class_list":["post-13579","post","type-post","status-publish","format-standard","has-post-thumbnail","hentry","category-noticias","category-secretaria-municipal-de-planejamento-e-habitacao"],"aioseo_notices":[],"_links":{"self":[{"href":"https:\/\/prefeitura.santarosa.rs.gov.br\/index.php?rest_route=\/wp\/v2\/posts\/13579","targetHints":{"allow":["GET"]}}],"collection":[{"href":"https:\/\/prefeitura.santarosa.rs.gov.br\/index.php?rest_route=\/wp\/v2\/posts"}],"about":[{"href":"https:\/\/prefeitura.santarosa.rs.gov.br\/index.php?rest_route=\/wp\/v2\/types\/post"}],"author":[{"embeddable":true,"href":"https:\/\/prefeitura.santarosa.rs.gov.br\/index.php?rest_route=\/wp\/v2\/users\/12"}],"replies":[{"embeddable":true,"href":"https:\/\/prefeitura.santarosa.rs.gov.br\/index.php?rest_route=%2Fwp%2Fv2%2Fcomments&post=13579"}],"version-history":[{"count":2,"href":"https:\/\/prefeitura.santarosa.rs.gov.br\/index.php?rest_route=\/wp\/v2\/posts\/13579\/revisions"}],"predecessor-version":[{"id":13588,"href":"https:\/\/prefeitura.santarosa.rs.gov.br\/index.php?rest_route=\/wp\/v2\/posts\/13579\/revisions\/13588"}],"wp:featuredmedia":[{"embeddable":true,"href":"https:\/\/prefeitura.santarosa.rs.gov.br\/index.php?rest_route=\/wp\/v2\/media\/13581"}],"wp:attachment":[{"href":"https:\/\/prefeitura.santarosa.rs.gov.br\/index.php?rest_route=%2Fwp%2Fv2%2Fmedia&parent=13579"}],"wp:term":[{"taxonomy":"category","embeddable":true,"href":"https:\/\/prefeitura.santarosa.rs.gov.br\/index.php?rest_route=%2Fwp%2Fv2%2Fcategories&post=13579"},{"taxonomy":"post_tag","embeddable":true,"href":"https:\/\/prefeitura.santarosa.rs.gov.br\/index.php?rest_route=%2Fwp%2Fv2%2Ftags&post=13579"}],"curies":[{"name":"wp","href":"https:\/\/api.w.org\/{rel}","templated":true}]}}