{"id":13568,"date":"2025-04-16T16:58:07","date_gmt":"2025-04-16T19:58:07","guid":{"rendered":"https:\/\/prefeitura.santarosa.rs.gov.br\/?p=13568"},"modified":"2025-04-16T17:12:52","modified_gmt":"2025-04-16T20:12:52","slug":"infraero-passa-atuar-na-obra-do-novo-aeroporto","status":"publish","type":"post","link":"https:\/\/prefeitura.santarosa.rs.gov.br\/?p=13568","title":{"rendered":"Infraero passa atuar na obra do novo Aeroporto"},"content":{"rendered":"\n<figure class=\"wp-block-image size-full\"><img fetchpriority=\"high\" decoding=\"async\" width=\"860\" height=\"645\" src=\"https:\/\/prefeitura.santarosa.rs.gov.br\/wp-content\/uploads\/2025\/04\/Formato-Site-e-Portal-860X645-JPG-2025-04-16T165541.457.jpg\" alt=\"\" class=\"wp-image-13569\" srcset=\"https:\/\/prefeitura.santarosa.rs.gov.br\/wp-content\/uploads\/2025\/04\/Formato-Site-e-Portal-860X645-JPG-2025-04-16T165541.457.jpg 860w, https:\/\/prefeitura.santarosa.rs.gov.br\/wp-content\/uploads\/2025\/04\/Formato-Site-e-Portal-860X645-JPG-2025-04-16T165541.457-300x225.jpg 300w, https:\/\/prefeitura.santarosa.rs.gov.br\/wp-content\/uploads\/2025\/04\/Formato-Site-e-Portal-860X645-JPG-2025-04-16T165541.457-768x576.jpg 768w\" sizes=\"(max-width: 860px) 100vw, 860px\" \/><\/figure>\n\n\n\n<p>A maior obra da hist\u00f3ria de Santa Rosa, o novo Aeroporto Municipal Lu\u00eds Alberto Lehr, est\u00e1 avan\u00e7ando. Nesta semana, um profissional da Infraero chegou na cidade para come\u00e7ar o trabalho de apoio da fiscaliza\u00e7\u00e3o da obra. Primeiro, uma reuni\u00e3o foi realizada na Prefeitura com a presen\u00e7a do engenheiro da Infraero, Marcelo Vitor. A a\u00e7\u00e3o foi coordenada pela Diretora de Capta\u00e7\u00e3o, Caliandra Perini, e refor\u00e7a o compromisso do munic\u00edpio com a qualidade e a seguran\u00e7a na execu\u00e7\u00e3o do projeto.<\/p>\n\n\n\n<p>Para garantir o alto padr\u00e3o t\u00e9cnico exigido em obras aeroportu\u00e1rias, o munic\u00edpio contratou a Infraero para prestar apoio especializado \u00e0 fiscaliza\u00e7\u00e3o da obra. A empresa p\u00fablica federal, refer\u00eancia na gest\u00e3o e opera\u00e7\u00e3o de aeroportos em todo o pa\u00eds, tamb\u00e9m dar\u00e1 suporte na homologa\u00e7\u00e3o da nova pista ap\u00f3s a conclus\u00e3o dos trabalhos. O engenheiro Marcelo Vitor permanecer\u00e1 em Santa Rosa durante toda a execu\u00e7\u00e3o da obra, atuando diretamente com as equipes da Prefeitura. Al\u00e9m disso, existe a expectativa da visita do presidente da Infraero ao munic\u00edpio nos pr\u00f3ximos dias.<\/p>\n\n\n\n<p>Atualmente, 27 m\u00e1quinas e 50 profissionais atuam na obra do aeroporto. Entre os avan\u00e7os mais recentes est\u00e3o a conclus\u00e3o da supress\u00e3o da vegeta\u00e7\u00e3o na cabeceira 26, a execu\u00e7\u00e3o da Central de Utilidades (subesta\u00e7\u00e3o de energia), o aterro na cabeceira 26, o cercamento de todo o s\u00edtio aeroportu\u00e1rio e a constru\u00e7\u00e3o das estruturas do pr\u00f3prio canteiro. O Prefeito Anderson Mantei refor\u00e7ou o impacto transformador do projeto, \u201cA cada etapa conclu\u00edda, damos mais um passo em dire\u00e7\u00e3o a um novo patamar de desenvolvimento para Santa Rosa. Com o apoio t\u00e9cnico da Infraero, temos a garantia de que esta obra est\u00e1 sendo executada com excel\u00eancia\u201d.<\/p>\n\n\n\n<p>Com investimento de R$ 65 milh\u00f5es, a obra do novo aeroporto permitir\u00e1 a opera\u00e7\u00e3o de aeronaves de maior porte, com capacidade para at\u00e9 150 passageiros e voos diretos para destinos como Porto Alegre, S\u00e3o Paulo, Foz do Igua\u00e7u e Campo Grande.<\/p>\n\n\n\n<p><\/p>\n","protected":false},"excerpt":{"rendered":"<p>A maior obra da hist\u00f3ria de Santa Rosa, o novo Aeroporto Municipal Lu\u00eds Alberto Lehr, est\u00e1 avan\u00e7ando. Nesta semana, um<\/p>\n","protected":false},"author":12,"featured_media":13570,"comment_status":"closed","ping_status":"closed","sticky":false,"template":"","format":"standard","meta":{"footnotes":""},"categories":[4,22],"tags":[],"class_list":["post-13568","post","type-post","status-publish","format-standard","has-post-thumbnail","hentry","category-noticias","category-secretaria-municipal-de-planejamento-e-habitacao"],"aioseo_notices":[],"_links":{"self":[{"href":"https:\/\/prefeitura.santarosa.rs.gov.br\/index.php?rest_route=\/wp\/v2\/posts\/13568","targetHints":{"allow":["GET"]}}],"collection":[{"href":"https:\/\/prefeitura.santarosa.rs.gov.br\/index.php?rest_route=\/wp\/v2\/posts"}],"about":[{"href":"https:\/\/prefeitura.santarosa.rs.gov.br\/index.php?rest_route=\/wp\/v2\/types\/post"}],"author":[{"embeddable":true,"href":"https:\/\/prefeitura.santarosa.rs.gov.br\/index.php?rest_route=\/wp\/v2\/users\/12"}],"replies":[{"embeddable":true,"href":"https:\/\/prefeitura.santarosa.rs.gov.br\/index.php?rest_route=%2Fwp%2Fv2%2Fcomments&post=13568"}],"version-history":[{"count":2,"href":"https:\/\/prefeitura.santarosa.rs.gov.br\/index.php?rest_route=\/wp\/v2\/posts\/13568\/revisions"}],"predecessor-version":[{"id":13573,"href":"https:\/\/prefeitura.santarosa.rs.gov.br\/index.php?rest_route=\/wp\/v2\/posts\/13568\/revisions\/13573"}],"wp:featuredmedia":[{"embeddable":true,"href":"https:\/\/prefeitura.santarosa.rs.gov.br\/index.php?rest_route=\/wp\/v2\/media\/13570"}],"wp:attachment":[{"href":"https:\/\/prefeitura.santarosa.rs.gov.br\/index.php?rest_route=%2Fwp%2Fv2%2Fmedia&parent=13568"}],"wp:term":[{"taxonomy":"category","embeddable":true,"href":"https:\/\/prefeitura.santarosa.rs.gov.br\/index.php?rest_route=%2Fwp%2Fv2%2Fcategories&post=13568"},{"taxonomy":"post_tag","embeddable":true,"href":"https:\/\/prefeitura.santarosa.rs.gov.br\/index.php?rest_route=%2Fwp%2Fv2%2Ftags&post=13568"}],"curies":[{"name":"wp","href":"https:\/\/api.w.org\/{rel}","templated":true}]}}