{"id":13563,"date":"2025-04-16T15:55:43","date_gmt":"2025-04-16T18:55:43","guid":{"rendered":"https:\/\/prefeitura.santarosa.rs.gov.br\/?p=13563"},"modified":"2025-04-16T15:55:43","modified_gmt":"2025-04-16T18:55:43","slug":"20a-feira-do-livro-encerra-com-cerca-de-14-mil-livros-comercializados","status":"publish","type":"post","link":"https:\/\/prefeitura.santarosa.rs.gov.br\/?p=13563","title":{"rendered":"20\u00aa Feira do Livro encerra com cerca de 14 mil livros comercializados"},"content":{"rendered":"\n<figure class=\"wp-block-image size-full\"><img fetchpriority=\"high\" decoding=\"async\" width=\"860\" height=\"645\" src=\"https:\/\/prefeitura.santarosa.rs.gov.br\/wp-content\/uploads\/2025\/04\/Formato-Site-e-Portal-860X645-JPG-2025-04-16T155326.092.jpg\" alt=\"\" class=\"wp-image-13564\" srcset=\"https:\/\/prefeitura.santarosa.rs.gov.br\/wp-content\/uploads\/2025\/04\/Formato-Site-e-Portal-860X645-JPG-2025-04-16T155326.092.jpg 860w, https:\/\/prefeitura.santarosa.rs.gov.br\/wp-content\/uploads\/2025\/04\/Formato-Site-e-Portal-860X645-JPG-2025-04-16T155326.092-300x225.jpg 300w, https:\/\/prefeitura.santarosa.rs.gov.br\/wp-content\/uploads\/2025\/04\/Formato-Site-e-Portal-860X645-JPG-2025-04-16T155326.092-768x576.jpg 768w\" sizes=\"(max-width: 860px) 100vw, 860px\" \/><\/figure>\n\n\n\n<p>Ap\u00f3s sete dias de muitas atra\u00e7\u00f5es e atividades, foi encerrada nesta ter\u00e7a-feira (15), a 20\u00aa edi\u00e7\u00e3o da Feira do Livro de Santa Rosa. Com n\u00fameros expressivos, esta \u00e9 considerada a maior feira da hist\u00f3ria do munic\u00edpio. Cerca de 14 mil livros foram vendidos (aproximadamente de R$ 230 mil). O evento aconteceu em frente ao Centro C\u00edvico e \u00e0 Biblioteca P\u00fablica Municipal, e recebeu milhares de visitantes ao longo da semana.<\/p>\n\n\n\n<p>Mais de 4 mil alunos da Rede Municipal de Ensino puderam adquirir, de forma gratuita, um exemplar liter\u00e1rio por meio do vale-livro distribu\u00eddo pela Prefeitura. O investimento foi superior a R$ 130 mil, de recursos pr\u00f3prios. Durante a programa\u00e7\u00e3o, foram lan\u00e7adas 12 novas obras liter\u00e1rias. A Secret\u00e1ria de Educa\u00e7\u00e3o e Cultura, Josyane Heck, destacou o sucesso do evento, \u201cEncerramos a 20\u00aa Feira do Livro com a certeza de que a leitura segue viva e pulsante em nossa comunidade. Foram dias intensos de aprendizado, cultura e muita troca de conhecimento. A participa\u00e7\u00e3o da popula\u00e7\u00e3o e das escolas foi fundamental para o brilho desta edi\u00e7\u00e3o\u201d.<\/p>\n\n\n\n<p>A 20\u00aa Feira do Livro de Santa Rosa foi promovida pela Prefeitura, por meio da Secretaria de Educa\u00e7\u00e3o e Cultura, e contou com o apoio de diversas empresas e institui\u00e7\u00f5es locais. Com o tema \u201c150 anos da etnia italiana\u201d e o slogan \u201cLer \u00e9 uma aventura fant\u00e1stica\u201d, a edi\u00e7\u00e3o deste ano teve como patrono o escritor, jornalista e pesquisador Jacob Petry, e como Escritor Homenageado, Claudiomiro Sorriso.<\/p>\n\n\n\n<p><\/p>\n","protected":false},"excerpt":{"rendered":"<p>Ap\u00f3s sete dias de muitas atra\u00e7\u00f5es e atividades, foi encerrada nesta ter\u00e7a-feira (15), a 20\u00aa edi\u00e7\u00e3o da Feira do Livro<\/p>\n","protected":false},"author":12,"featured_media":13565,"comment_status":"closed","ping_status":"closed","sticky":false,"template":"","format":"standard","meta":{"footnotes":""},"categories":[4,18],"tags":[],"class_list":["post-13563","post","type-post","status-publish","format-standard","has-post-thumbnail","hentry","category-noticias","category-secretaria-municipal-de-educacao-e-cultura"],"aioseo_notices":[],"_links":{"self":[{"href":"https:\/\/prefeitura.santarosa.rs.gov.br\/index.php?rest_route=\/wp\/v2\/posts\/13563","targetHints":{"allow":["GET"]}}],"collection":[{"href":"https:\/\/prefeitura.santarosa.rs.gov.br\/index.php?rest_route=\/wp\/v2\/posts"}],"about":[{"href":"https:\/\/prefeitura.santarosa.rs.gov.br\/index.php?rest_route=\/wp\/v2\/types\/post"}],"author":[{"embeddable":true,"href":"https:\/\/prefeitura.santarosa.rs.gov.br\/index.php?rest_route=\/wp\/v2\/users\/12"}],"replies":[{"embeddable":true,"href":"https:\/\/prefeitura.santarosa.rs.gov.br\/index.php?rest_route=%2Fwp%2Fv2%2Fcomments&post=13563"}],"version-history":[{"count":1,"href":"https:\/\/prefeitura.santarosa.rs.gov.br\/index.php?rest_route=\/wp\/v2\/posts\/13563\/revisions"}],"predecessor-version":[{"id":13566,"href":"https:\/\/prefeitura.santarosa.rs.gov.br\/index.php?rest_route=\/wp\/v2\/posts\/13563\/revisions\/13566"}],"wp:featuredmedia":[{"embeddable":true,"href":"https:\/\/prefeitura.santarosa.rs.gov.br\/index.php?rest_route=\/wp\/v2\/media\/13565"}],"wp:attachment":[{"href":"https:\/\/prefeitura.santarosa.rs.gov.br\/index.php?rest_route=%2Fwp%2Fv2%2Fmedia&parent=13563"}],"wp:term":[{"taxonomy":"category","embeddable":true,"href":"https:\/\/prefeitura.santarosa.rs.gov.br\/index.php?rest_route=%2Fwp%2Fv2%2Fcategories&post=13563"},{"taxonomy":"post_tag","embeddable":true,"href":"https:\/\/prefeitura.santarosa.rs.gov.br\/index.php?rest_route=%2Fwp%2Fv2%2Ftags&post=13563"}],"curies":[{"name":"wp","href":"https:\/\/api.w.org\/{rel}","templated":true}]}}