{"id":13559,"date":"2025-04-16T11:22:09","date_gmt":"2025-04-16T14:22:09","guid":{"rendered":"https:\/\/prefeitura.santarosa.rs.gov.br\/?p=13559"},"modified":"2025-04-16T11:22:09","modified_gmt":"2025-04-16T14:22:09","slug":"abertura-da-32a-feira-do-peixe-movimenta-o-mercado-publico-de-santa-rosa","status":"publish","type":"post","link":"https:\/\/prefeitura.santarosa.rs.gov.br\/?p=13559","title":{"rendered":"Abertura da 32\u00aa Feira do Peixe movimenta o Mercado P\u00fablico de Santa Rosa"},"content":{"rendered":"\n<figure class=\"wp-block-image size-full\"><img fetchpriority=\"high\" decoding=\"async\" width=\"860\" height=\"645\" src=\"https:\/\/prefeitura.santarosa.rs.gov.br\/wp-content\/uploads\/2025\/04\/Formato-Site-e-Portal-860X645-JPG-2025-04-16T111815.285-1.jpg\" alt=\"\" class=\"wp-image-13560\" srcset=\"https:\/\/prefeitura.santarosa.rs.gov.br\/wp-content\/uploads\/2025\/04\/Formato-Site-e-Portal-860X645-JPG-2025-04-16T111815.285-1.jpg 860w, https:\/\/prefeitura.santarosa.rs.gov.br\/wp-content\/uploads\/2025\/04\/Formato-Site-e-Portal-860X645-JPG-2025-04-16T111815.285-1-300x225.jpg 300w, https:\/\/prefeitura.santarosa.rs.gov.br\/wp-content\/uploads\/2025\/04\/Formato-Site-e-Portal-860X645-JPG-2025-04-16T111815.285-1-768x576.jpg 768w\" sizes=\"(max-width: 860px) 100vw, 860px\" \/><\/figure>\n\n\n\n<p>Foi realizada na manh\u00e3 desta quarta-feira (16), a abertura oficial da 32\u00aa Feira do Peixe de Santa Rosa, no Mercado P\u00fablico Eclair Moraginski. O evento, tradicionalmente promovido durante a Semana Santa, contou com grande participa\u00e7\u00e3o da comunidade e de autoridades. Promovida pela Prefeitura de Santa Rosa, em conjunto com a Emater\/RS &#8211; Ascar e com a Associa\u00e7\u00e3o dos produtores de Hortigranjeiros de Santa Rosa &#8211; Aprhorosa. Esta deve ser a maior feira de todos os tempos. A expectativa \u00e9 que sejam comercializadas cerca de 15 toneladas de peixes, com um faturamento estimado de aproximadamente R$ 500 mil para os produtores envolvidos.<\/p>\n\n\n\n<p>Na cerim\u00f4nia de abertura, o Padre Arcangelo Deretti realizou uma reflex\u00e3o sobre a rela\u00e7\u00e3o espiritual do peixe com a Semana Santa e aben\u00e7oou o evento. Em seguida, o Pastor Ivonildo Andrade falou sobre o verdadeiro significado da P\u00e1scoa e fez uma ora\u00e7\u00e3o por todos os presentes e pela organiza\u00e7\u00e3o da feira. Um dos destaques desta edi\u00e7\u00e3o \u00e9 a amplia\u00e7\u00e3o no hor\u00e1rio de atendimento ao p\u00fablico, que ocorre das 9h \u00e0s 20h30min, oferecendo mais comodidade para os consumidores. Durante a feira, estar\u00e3o dispon\u00edveis diversas esp\u00e9cies de peixes, como carpa capim, carpa h\u00fangara, prateada, cabe\u00e7a grande, cascudo, fil\u00e9 de til\u00e1pia, entre outros. Os peixes est\u00e3o sendo oferecidos vivos, frescos, fritos, inteiros ou j\u00e1 em fil\u00e9s.<\/p>\n\n\n\n<p>Este ano, o evento conta com a participa\u00e7\u00e3o recorde de 18 piscicultores. O Presidente da 32\u00aa edi\u00e7\u00e3o, o Secret\u00e1rio de Agricultura de Santa Rosa, Gerson Karkow, destacou a import\u00e2ncia da uni\u00e3o entre as entidades envolvidas e o empenho dos produtores: &#8220;Esta \u00e9 a maior feira em n\u00famero de participantes at\u00e9 agora, resultado de muito trabalho coletivo para garantir um evento estruturado, seguro e pr\u00f3spero para todos&#8221;. A 32\u00aa Feira do Peixe de Santa Rosa conta com o apoio do Hortigranjeiros, Alibem e Sicredi.<\/p>\n\n\n\n<p>Al\u00e9m dos peixes, tamb\u00e9m est\u00e3o sendo comercializados hortifrutigranjeiros, produtos de agroind\u00fastrias locais, flores, artesanatos e itens tradicionais da P\u00e1scoa, como cascas pintadas de ovos e pe\u00e7as decorativas artesanais.<\/p>\n\n\n\n<p><\/p>\n","protected":false},"excerpt":{"rendered":"<p>Foi realizada na manh\u00e3 desta quarta-feira (16), a abertura oficial da 32\u00aa Feira do Peixe de Santa Rosa, no Mercado<\/p>\n","protected":false},"author":12,"featured_media":13561,"comment_status":"closed","ping_status":"closed","sticky":false,"template":"","format":"standard","meta":{"footnotes":""},"categories":[4,14],"tags":[],"class_list":["post-13559","post","type-post","status-publish","format-standard","has-post-thumbnail","hentry","category-noticias","category-secretaria-municipal-de-agricultura"],"aioseo_notices":[],"_links":{"self":[{"href":"https:\/\/prefeitura.santarosa.rs.gov.br\/index.php?rest_route=\/wp\/v2\/posts\/13559","targetHints":{"allow":["GET"]}}],"collection":[{"href":"https:\/\/prefeitura.santarosa.rs.gov.br\/index.php?rest_route=\/wp\/v2\/posts"}],"about":[{"href":"https:\/\/prefeitura.santarosa.rs.gov.br\/index.php?rest_route=\/wp\/v2\/types\/post"}],"author":[{"embeddable":true,"href":"https:\/\/prefeitura.santarosa.rs.gov.br\/index.php?rest_route=\/wp\/v2\/users\/12"}],"replies":[{"embeddable":true,"href":"https:\/\/prefeitura.santarosa.rs.gov.br\/index.php?rest_route=%2Fwp%2Fv2%2Fcomments&post=13559"}],"version-history":[{"count":1,"href":"https:\/\/prefeitura.santarosa.rs.gov.br\/index.php?rest_route=\/wp\/v2\/posts\/13559\/revisions"}],"predecessor-version":[{"id":13562,"href":"https:\/\/prefeitura.santarosa.rs.gov.br\/index.php?rest_route=\/wp\/v2\/posts\/13559\/revisions\/13562"}],"wp:featuredmedia":[{"embeddable":true,"href":"https:\/\/prefeitura.santarosa.rs.gov.br\/index.php?rest_route=\/wp\/v2\/media\/13561"}],"wp:attachment":[{"href":"https:\/\/prefeitura.santarosa.rs.gov.br\/index.php?rest_route=%2Fwp%2Fv2%2Fmedia&parent=13559"}],"wp:term":[{"taxonomy":"category","embeddable":true,"href":"https:\/\/prefeitura.santarosa.rs.gov.br\/index.php?rest_route=%2Fwp%2Fv2%2Fcategories&post=13559"},{"taxonomy":"post_tag","embeddable":true,"href":"https:\/\/prefeitura.santarosa.rs.gov.br\/index.php?rest_route=%2Fwp%2Fv2%2Ftags&post=13559"}],"curies":[{"name":"wp","href":"https:\/\/api.w.org\/{rel}","templated":true}]}}