{"id":13548,"date":"2025-04-15T16:40:25","date_gmt":"2025-04-15T19:40:25","guid":{"rendered":"https:\/\/prefeitura.santarosa.rs.gov.br\/?p=13548"},"modified":"2025-04-15T16:45:35","modified_gmt":"2025-04-15T19:45:35","slug":"programa-crianca-feliz-esta-com-inscricoes-abertas-nos-cras-de-santa-rosa","status":"publish","type":"post","link":"https:\/\/prefeitura.santarosa.rs.gov.br\/?p=13548","title":{"rendered":"Programa Crian\u00e7a Feliz est\u00e1 com inscri\u00e7\u00f5es abertas nos CRAS de Santa Rosa"},"content":{"rendered":"\n<figure class=\"wp-block-image size-full\"><img fetchpriority=\"high\" decoding=\"async\" width=\"860\" height=\"645\" src=\"https:\/\/prefeitura.santarosa.rs.gov.br\/wp-content\/uploads\/2025\/04\/Formato-Site-e-Portal-860X645-JPG-2025-04-15T164322.375.jpg\" alt=\"\" class=\"wp-image-13553\" srcset=\"https:\/\/prefeitura.santarosa.rs.gov.br\/wp-content\/uploads\/2025\/04\/Formato-Site-e-Portal-860X645-JPG-2025-04-15T164322.375.jpg 860w, https:\/\/prefeitura.santarosa.rs.gov.br\/wp-content\/uploads\/2025\/04\/Formato-Site-e-Portal-860X645-JPG-2025-04-15T164322.375-300x225.jpg 300w, https:\/\/prefeitura.santarosa.rs.gov.br\/wp-content\/uploads\/2025\/04\/Formato-Site-e-Portal-860X645-JPG-2025-04-15T164322.375-768x576.jpg 768w\" sizes=\"(max-width: 860px) 100vw, 860px\" \/><\/figure>\n\n\n\n<p>A Prefeitura de Santa Rosa, por meio da Secretaria de Desenvolvimento Social, informa que os Centros de Refer\u00eancia de Assist\u00eancia Social (CRAS) do munic\u00edpio est\u00e3o com vagas abertas para o atendimento pelo Programa Crian\u00e7a Feliz. A iniciativa do Governo Federal tem como objetivo acompanhar e apoiar o desenvolvimento infantil de crian\u00e7as de at\u00e9 6 anos. O programa \u00e9 intersetorial e envolve a\u00e7\u00f5es de sa\u00fade, educa\u00e7\u00e3o, assist\u00eancia social, cultura e direitos humanos.<\/p>\n\n\n\n<p>O Crian\u00e7a Feliz oferece acompanhamento por meio de visitas domiciliares, orienta\u00e7\u00f5es e atividades com a fam\u00edlia. A secret\u00e1ria de Desenvolvimento Social, Rita Strasser, destaca a import\u00e2ncia do programa, &#8220;\u00c9 uma oportunidade de fortalecer os v\u00ednculos familiares e garantir que nossas crian\u00e7as tenham um in\u00edcio de vida mais saud\u00e1vel e com mais oportunidades. Convidamos todas as fam\u00edlias que se enquadram nos crit\u00e9rios a procurarem o CRAS mais pr\u00f3ximo&#8221;.<\/p>\n\n\n\n<p>Podem participar do programa, gestantes ou respons\u00e1veis por crian\u00e7as de 0 a 3 anos (ou at\u00e9 6 anos, no caso de crian\u00e7as benefici\u00e1rias do Benef\u00edcio de Presta\u00e7\u00e3o Continuada &#8211; BPC). Os interessados devem procurar a equipe do CRAS (V\u00f3 Maria Pedrazza ou Aldi Pedro Brand\u00e3o) para obter mais informa\u00e7\u00f5es e realizar a inscri\u00e7\u00e3o.<\/p>\n\n\n\n<p><\/p>\n","protected":false},"excerpt":{"rendered":"<p>A Prefeitura de Santa Rosa, por meio da Secretaria de Desenvolvimento Social, informa que os Centros de Refer\u00eancia de Assist\u00eancia<\/p>\n","protected":false},"author":12,"featured_media":13555,"comment_status":"closed","ping_status":"closed","sticky":false,"template":"","format":"standard","meta":{"footnotes":""},"categories":[4,17],"tags":[],"class_list":["post-13548","post","type-post","status-publish","format-standard","has-post-thumbnail","hentry","category-noticias","category-secretaria-municipal-de-desenvolvimento-social"],"aioseo_notices":[],"_links":{"self":[{"href":"https:\/\/prefeitura.santarosa.rs.gov.br\/index.php?rest_route=\/wp\/v2\/posts\/13548","targetHints":{"allow":["GET"]}}],"collection":[{"href":"https:\/\/prefeitura.santarosa.rs.gov.br\/index.php?rest_route=\/wp\/v2\/posts"}],"about":[{"href":"https:\/\/prefeitura.santarosa.rs.gov.br\/index.php?rest_route=\/wp\/v2\/types\/post"}],"author":[{"embeddable":true,"href":"https:\/\/prefeitura.santarosa.rs.gov.br\/index.php?rest_route=\/wp\/v2\/users\/12"}],"replies":[{"embeddable":true,"href":"https:\/\/prefeitura.santarosa.rs.gov.br\/index.php?rest_route=%2Fwp%2Fv2%2Fcomments&post=13548"}],"version-history":[{"count":2,"href":"https:\/\/prefeitura.santarosa.rs.gov.br\/index.php?rest_route=\/wp\/v2\/posts\/13548\/revisions"}],"predecessor-version":[{"id":13556,"href":"https:\/\/prefeitura.santarosa.rs.gov.br\/index.php?rest_route=\/wp\/v2\/posts\/13548\/revisions\/13556"}],"wp:featuredmedia":[{"embeddable":true,"href":"https:\/\/prefeitura.santarosa.rs.gov.br\/index.php?rest_route=\/wp\/v2\/media\/13555"}],"wp:attachment":[{"href":"https:\/\/prefeitura.santarosa.rs.gov.br\/index.php?rest_route=%2Fwp%2Fv2%2Fmedia&parent=13548"}],"wp:term":[{"taxonomy":"category","embeddable":true,"href":"https:\/\/prefeitura.santarosa.rs.gov.br\/index.php?rest_route=%2Fwp%2Fv2%2Fcategories&post=13548"},{"taxonomy":"post_tag","embeddable":true,"href":"https:\/\/prefeitura.santarosa.rs.gov.br\/index.php?rest_route=%2Fwp%2Fv2%2Ftags&post=13548"}],"curies":[{"name":"wp","href":"https:\/\/api.w.org\/{rel}","templated":true}]}}