{"id":13537,"date":"2025-04-14T17:02:23","date_gmt":"2025-04-14T20:02:23","guid":{"rendered":"https:\/\/prefeitura.santarosa.rs.gov.br\/?p=13537"},"modified":"2025-04-22T10:02:56","modified_gmt":"2025-04-22T13:02:56","slug":"ubs-planalto-passa-a-oferecer-atendimentos-no-3o-turno","status":"publish","type":"post","link":"https:\/\/prefeitura.santarosa.rs.gov.br\/?p=13537","title":{"rendered":"UBS Planalto passa a oferecer atendimentos no 3\u00ba turno"},"content":{"rendered":"\n<p><br>Servi\u00e7o funciona de segunda a sexta-feira, das 17h30min \u00e0s 21h<\/p>\n\n\n\n<figure class=\"wp-block-image size-full\"><img fetchpriority=\"high\" decoding=\"async\" width=\"860\" height=\"645\" src=\"https:\/\/prefeitura.santarosa.rs.gov.br\/wp-content\/uploads\/2025\/04\/Formato-Site-e-Portal-860X645-JPG-2025-04-14T165335.702.jpg\" alt=\"\" class=\"wp-image-13538\" srcset=\"https:\/\/prefeitura.santarosa.rs.gov.br\/wp-content\/uploads\/2025\/04\/Formato-Site-e-Portal-860X645-JPG-2025-04-14T165335.702.jpg 860w, https:\/\/prefeitura.santarosa.rs.gov.br\/wp-content\/uploads\/2025\/04\/Formato-Site-e-Portal-860X645-JPG-2025-04-14T165335.702-300x225.jpg 300w, https:\/\/prefeitura.santarosa.rs.gov.br\/wp-content\/uploads\/2025\/04\/Formato-Site-e-Portal-860X645-JPG-2025-04-14T165335.702-768x576.jpg 768w\" sizes=\"(max-width: 860px) 100vw, 860px\" \/><\/figure>\n\n\n\n<p>A Prefeitura de Santa Rosa, por meio da Funda\u00e7\u00e3o Municipal de Sa\u00fade (FUMSSAR), divulgou nesta segunda-feira (14), o in\u00edcio do 3\u00ba turno na Unidade B\u00e1sica de Sa\u00fade do bairro Planalto. A amplia\u00e7\u00e3o garante atendimento noturno a mais de 4.600 usu\u00e1rios cadastrados na UBS, beneficiando especialmente trabalhadores que n\u00e3o conseguem consultar durante o hor\u00e1rio comercial.<\/p>\n\n\n\n<p>Com a nova ades\u00e3o, o munic\u00edpio passa a contar com nove unidades oferecendo o servi\u00e7o em hor\u00e1rio estendido, das 17h30min \u00e0s 21h, de segunda a sexta-feira. As consultas s\u00e3o eletivas e devem ser agendadas previamente na unidade de sa\u00fade. No local, ser\u00e3o oferecidas, consultas com profissionais m\u00e9dicos, dentistas, enfermeiros, al\u00e9m de outras a\u00e7\u00f5es de sa\u00fade e atividades em grupo promovidas pela Resid\u00eancia M\u00e9dica e Multiprofissional da FUMSSAR. O Presidente da Funda\u00e7\u00e3o de Sa\u00fade, D\u00e9lcio Stefan, refor\u00e7a que o objetivo \u00e9 oferecer cuidado integral e acess\u00edvel aos usu\u00e1rios do SUS, principalmente aos trabalhadores, \u201cEstamos focados em atender as pessoas de forma cada vez mais eficiente. O 3\u00ba turno amplia as possibilidades de atendimento e representa um importante avan\u00e7o na aten\u00e7\u00e3o b\u00e1sica do munic\u00edpio\u201d.<\/p>\n\n\n\n<p>A amplia\u00e7\u00e3o faz parte do planejamento estrat\u00e9gico iniciado em 2021, quando Santa Rosa passou a implantar gradualmente o 3\u00ba turno nas UBSs. O objetivo \u00e9 garantir acesso mais amplo e qualificado aos servi\u00e7os do SUS. Al\u00e9m da UBS Planalto, outras oito unidades oferecem o 3\u00ba turno: UBS Auxiliadora, UBS Beatriz\/Oliveira, UBS Centro, UBS Cruzeiro do Sul, UBS Esperan\u00e7a, UBS J\u00falio de Oliveira, UBS Sulina e UBS Timba\u00fava. De janeiro a mar\u00e7o deste ano, j\u00e1 foram realizados 2.724 atendimentos no per\u00edodo noturno. Mais facilidade e comodidade para toda a popula\u00e7\u00e3o.<\/p>\n\n\n\n<p><\/p>\n\n\n\n<p><\/p>\n\n\n\n<p><\/p>\n\n\n\n<p><\/p>\n\n\n\n<p><\/p>\n\n\n\n<p><\/p>\n","protected":false},"excerpt":{"rendered":"<p>Servi\u00e7o funciona de segunda a sexta-feira, das 17h30min \u00e0s 21h A Prefeitura de Santa Rosa, por meio da Funda\u00e7\u00e3o Municipal<\/p>\n","protected":false},"author":12,"featured_media":13539,"comment_status":"closed","ping_status":"closed","sticky":false,"template":"","format":"standard","meta":{"footnotes":""},"categories":[4,8],"tags":[],"class_list":["post-13537","post","type-post","status-publish","format-standard","has-post-thumbnail","hentry","category-noticias","category-noticias-fumssar"],"aioseo_notices":[],"_links":{"self":[{"href":"https:\/\/prefeitura.santarosa.rs.gov.br\/index.php?rest_route=\/wp\/v2\/posts\/13537","targetHints":{"allow":["GET"]}}],"collection":[{"href":"https:\/\/prefeitura.santarosa.rs.gov.br\/index.php?rest_route=\/wp\/v2\/posts"}],"about":[{"href":"https:\/\/prefeitura.santarosa.rs.gov.br\/index.php?rest_route=\/wp\/v2\/types\/post"}],"author":[{"embeddable":true,"href":"https:\/\/prefeitura.santarosa.rs.gov.br\/index.php?rest_route=\/wp\/v2\/users\/12"}],"replies":[{"embeddable":true,"href":"https:\/\/prefeitura.santarosa.rs.gov.br\/index.php?rest_route=%2Fwp%2Fv2%2Fcomments&post=13537"}],"version-history":[{"count":4,"href":"https:\/\/prefeitura.santarosa.rs.gov.br\/index.php?rest_route=\/wp\/v2\/posts\/13537\/revisions"}],"predecessor-version":[{"id":13594,"href":"https:\/\/prefeitura.santarosa.rs.gov.br\/index.php?rest_route=\/wp\/v2\/posts\/13537\/revisions\/13594"}],"wp:featuredmedia":[{"embeddable":true,"href":"https:\/\/prefeitura.santarosa.rs.gov.br\/index.php?rest_route=\/wp\/v2\/media\/13539"}],"wp:attachment":[{"href":"https:\/\/prefeitura.santarosa.rs.gov.br\/index.php?rest_route=%2Fwp%2Fv2%2Fmedia&parent=13537"}],"wp:term":[{"taxonomy":"category","embeddable":true,"href":"https:\/\/prefeitura.santarosa.rs.gov.br\/index.php?rest_route=%2Fwp%2Fv2%2Fcategories&post=13537"},{"taxonomy":"post_tag","embeddable":true,"href":"https:\/\/prefeitura.santarosa.rs.gov.br\/index.php?rest_route=%2Fwp%2Fv2%2Ftags&post=13537"}],"curies":[{"name":"wp","href":"https:\/\/api.w.org\/{rel}","templated":true}]}}