{"id":13533,"date":"2025-04-14T14:37:00","date_gmt":"2025-04-14T17:37:00","guid":{"rendered":"https:\/\/prefeitura.santarosa.rs.gov.br\/?p=13533"},"modified":"2025-04-14T14:39:11","modified_gmt":"2025-04-14T17:39:11","slug":"16a-conferencia-municipal-de-saude-reune-comunidade-para-debater-melhorias-no-sus-em-santa-rosa","status":"publish","type":"post","link":"https:\/\/prefeitura.santarosa.rs.gov.br\/?p=13533","title":{"rendered":"16\u00aa Confer\u00eancia Municipal de Sa\u00fade re\u00fane comunidade para debater melhorias no SUS em Santa Rosa"},"content":{"rendered":"\n<figure class=\"wp-block-image size-full\"><img fetchpriority=\"high\" decoding=\"async\" width=\"860\" height=\"645\" src=\"https:\/\/prefeitura.santarosa.rs.gov.br\/wp-content\/uploads\/2025\/04\/Formato-Site-e-Portal-860X645-JPG-2025-04-14T142705.361.jpg\" alt=\"\" class=\"wp-image-13534\" srcset=\"https:\/\/prefeitura.santarosa.rs.gov.br\/wp-content\/uploads\/2025\/04\/Formato-Site-e-Portal-860X645-JPG-2025-04-14T142705.361.jpg 860w, https:\/\/prefeitura.santarosa.rs.gov.br\/wp-content\/uploads\/2025\/04\/Formato-Site-e-Portal-860X645-JPG-2025-04-14T142705.361-300x225.jpg 300w, https:\/\/prefeitura.santarosa.rs.gov.br\/wp-content\/uploads\/2025\/04\/Formato-Site-e-Portal-860X645-JPG-2025-04-14T142705.361-768x576.jpg 768w\" sizes=\"(max-width: 860px) 100vw, 860px\" \/><\/figure>\n\n\n\n<p>A Prefeitura de Santa Rosa, em parceria com o Conselho Municipal de Sa\u00fade e a FUMSSAR, realizou nos dias 11 e 12 de abril, a 16\u00aa Confer\u00eancia Municipal de Sa\u00fade, no audit\u00f3rio da Uniju\u00ed. O evento reuniu 260 delegados, entre usu\u00e1rios, trabalhadores, gestores e prestadores de servi\u00e7os de sa\u00fade, al\u00e9m de autoridades e da comunidade. Pela primeira vez, foi realizada de forma simult\u00e2nea a 1\u00aa Confer\u00eancia Municipal de Sa\u00fade do Trabalhador(a) de Santa Rosa.<\/p>\n\n\n\n<p>Com o tema \u201cO SUS e voc\u00ea: Protagonistas da sua sa\u00fade\u201d, as confer\u00eancias foram marcadas por debates intensos, constru\u00e7\u00e3o coletiva e participa\u00e7\u00e3o efetiva dos segmentos representativos da sa\u00fade. Ao todo, foram apreciadas 329 propostas ao longo dos dois dias de programa\u00e7\u00e3o. Durante a abertura, o presidente das confer\u00eancias, Dr. F\u00e1bio Queruz, m\u00e9dico da Funda\u00e7\u00e3o Municipal de Sa\u00fade de Santa Rosa, destacou a import\u00e2ncia do engajamento da popula\u00e7\u00e3o, \u201cEste espa\u00e7o \u00e9 essencial para reafirmarmos o compromisso coletivo com a sa\u00fade p\u00fablica, onde cada cidad\u00e3o \u00e9 protagonista na constru\u00e7\u00e3o de um SUS mais forte, inclusivo e eficiente\u201d.<\/p>\n\n\n\n<p>A confer\u00eancia tamb\u00e9m apresentou um retrato da diversidade e do engajamento dos participantes: a maioria era do g\u00eanero feminino (72,6%), com 48,4% representando o segmento de usu\u00e1rios e 46,6% participando pela primeira vez de uma confer\u00eancia de sa\u00fade. As faixas et\u00e1rias predominantes foram de 30 a 50 anos (37,2%) e de 20 a 30 anos (21,7%).<br>Al\u00e9m das propostas locais, foram eleitos os delegados que representar\u00e3o Santa Rosa na 4\u00aa Confer\u00eancia Estadual da Sa\u00fade do Trabalhador e da Trabalhadora, nos tr\u00eas segmentos: usu\u00e1rios, trabalhadores e gestores\/prestadores.<\/p>\n\n\n\n<p>Entre as propostas que ser\u00e3o encaminhadas ao Estado, destacam-se temas como:<\/p>\n\n\n\n<ul class=\"wp-block-list\">\n<li>A promo\u00e7\u00e3o de a\u00e7\u00f5es intersetoriais para melhorar a sa\u00fade do trabalhador;<\/li>\n\n\n\n<li>A valoriza\u00e7\u00e3o dos profissionais da sa\u00fade, com incentivo \u00e0 fixa\u00e7\u00e3o no munic\u00edpio;<\/li>\n\n\n\n<li>A cria\u00e7\u00e3o de pol\u00edticas de sa\u00fade mental no trabalho com enfoque multiprofissional;<\/li>\n\n\n\n<li>A inclus\u00e3o da sa\u00fade do trabalhador na Rede de Aten\u00e7\u00e3o \u00e0 Sa\u00fade do SUS;<\/li>\n\n\n\n<li>O incentivo \u00e0 perman\u00eancia do produtor no campo, com programas de diversifica\u00e7\u00e3o e apoio \u00e0 agroind\u00fastria familiar;<\/li>\n\n\n\n<li>A adequa\u00e7\u00e3o da carga hor\u00e1ria de trabalho, respeitando o equil\u00edbrio entre vida profissional e pessoal.<\/li>\n<\/ul>\n","protected":false},"excerpt":{"rendered":"<p>A Prefeitura de Santa Rosa, em parceria com o Conselho Municipal de Sa\u00fade e a FUMSSAR, realizou nos dias 11<\/p>\n","protected":false},"author":12,"featured_media":13536,"comment_status":"closed","ping_status":"closed","sticky":false,"template":"","format":"standard","meta":{"footnotes":""},"categories":[4,8],"tags":[],"class_list":["post-13533","post","type-post","status-publish","format-standard","has-post-thumbnail","hentry","category-noticias","category-noticias-fumssar"],"aioseo_notices":[],"_links":{"self":[{"href":"https:\/\/prefeitura.santarosa.rs.gov.br\/index.php?rest_route=\/wp\/v2\/posts\/13533","targetHints":{"allow":["GET"]}}],"collection":[{"href":"https:\/\/prefeitura.santarosa.rs.gov.br\/index.php?rest_route=\/wp\/v2\/posts"}],"about":[{"href":"https:\/\/prefeitura.santarosa.rs.gov.br\/index.php?rest_route=\/wp\/v2\/types\/post"}],"author":[{"embeddable":true,"href":"https:\/\/prefeitura.santarosa.rs.gov.br\/index.php?rest_route=\/wp\/v2\/users\/12"}],"replies":[{"embeddable":true,"href":"https:\/\/prefeitura.santarosa.rs.gov.br\/index.php?rest_route=%2Fwp%2Fv2%2Fcomments&post=13533"}],"version-history":[{"count":1,"href":"https:\/\/prefeitura.santarosa.rs.gov.br\/index.php?rest_route=\/wp\/v2\/posts\/13533\/revisions"}],"predecessor-version":[{"id":13535,"href":"https:\/\/prefeitura.santarosa.rs.gov.br\/index.php?rest_route=\/wp\/v2\/posts\/13533\/revisions\/13535"}],"wp:featuredmedia":[{"embeddable":true,"href":"https:\/\/prefeitura.santarosa.rs.gov.br\/index.php?rest_route=\/wp\/v2\/media\/13536"}],"wp:attachment":[{"href":"https:\/\/prefeitura.santarosa.rs.gov.br\/index.php?rest_route=%2Fwp%2Fv2%2Fmedia&parent=13533"}],"wp:term":[{"taxonomy":"category","embeddable":true,"href":"https:\/\/prefeitura.santarosa.rs.gov.br\/index.php?rest_route=%2Fwp%2Fv2%2Fcategories&post=13533"},{"taxonomy":"post_tag","embeddable":true,"href":"https:\/\/prefeitura.santarosa.rs.gov.br\/index.php?rest_route=%2Fwp%2Fv2%2Ftags&post=13533"}],"curies":[{"name":"wp","href":"https:\/\/api.w.org\/{rel}","templated":true}]}}