{"id":13507,"date":"2025-04-11T10:05:24","date_gmt":"2025-04-11T13:05:24","guid":{"rendered":"https:\/\/prefeitura.santarosa.rs.gov.br\/?p=13507"},"modified":"2025-04-11T10:06:27","modified_gmt":"2025-04-11T13:06:27","slug":"100-dias-de-avancos-e-conquistas-da-gestao-mantei-taquari","status":"publish","type":"post","link":"https:\/\/prefeitura.santarosa.rs.gov.br\/?p=13507","title":{"rendered":"100 dias de avan\u00e7os e conquistas da Gest\u00e3o Mantei\/Taquari"},"content":{"rendered":"\n<figure class=\"wp-block-image size-full\"><img fetchpriority=\"high\" decoding=\"async\" width=\"860\" height=\"645\" src=\"https:\/\/prefeitura.santarosa.rs.gov.br\/wp-content\/uploads\/2025\/04\/Formato-Site-e-Portal-860X645-JPG-2025-04-11T100409.052.jpg\" alt=\"\" class=\"wp-image-13508\" srcset=\"https:\/\/prefeitura.santarosa.rs.gov.br\/wp-content\/uploads\/2025\/04\/Formato-Site-e-Portal-860X645-JPG-2025-04-11T100409.052.jpg 860w, https:\/\/prefeitura.santarosa.rs.gov.br\/wp-content\/uploads\/2025\/04\/Formato-Site-e-Portal-860X645-JPG-2025-04-11T100409.052-300x225.jpg 300w, https:\/\/prefeitura.santarosa.rs.gov.br\/wp-content\/uploads\/2025\/04\/Formato-Site-e-Portal-860X645-JPG-2025-04-11T100409.052-768x576.jpg 768w\" sizes=\"(max-width: 860px) 100vw, 860px\" \/><\/figure>\n\n\n\n<p>Nesta sexta-feira (11\/04), a Gest\u00e3o Mantei\/Taquari completa 100 dias de Governo. Em pouco mais de tr\u00eas meses, a cidade j\u00e1 registra importantes avan\u00e7os, com obras entregues, investimentos concretizados, novos servi\u00e7os, programas e a\u00e7\u00f5es que refor\u00e7am o compromisso da administra\u00e7\u00e3o com o crescimento e a qualidade de vida da popula\u00e7\u00e3o.<\/p>\n\n\n\n<p>Com um investimento de R$ 27,5 milh\u00f5es, diversas obras foram conclu\u00eddas nesse per\u00edodo. Entre os destaques est\u00e3o 11,5 km de pavimenta\u00e7\u00f5es entregues, beneficiando diretamente vias como a Rua Jorge Kunde, Rua S\u00e3o Jos\u00e9 e a Avenida Augusto Pestana. Na \u00e1rea da educa\u00e7\u00e3o, foram inauguradas as EMEIs Andressa Ferreira e S\u00e3o Francisco, o que oportunizou a cria\u00e7\u00e3o de cerca de 300 novas vagas, ampliando o acesso \u00e0 educa\u00e7\u00e3o infantil no munic\u00edpio. O Prefeito Mantei tamb\u00e9m garantiu em 2025, a parceria com o SESI\/SENAI para outra nova escola.<\/p>\n\n\n\n<p>Um dos mais importantes marcos dos 100 dias de Governo, foi o in\u00edcio das obras de amplia\u00e7\u00e3o do Aeroporto Municipal Lu\u00eds Alberto Lehr (R$ 48,7 milh\u00f5es). Al\u00e9m disso, est\u00e3o em andamento, mais R$ 50 milh\u00f5es em obras, com destaque para: Rua 10 de Novembro, Rua Alfa Centauro, a constru\u00e7\u00e3o de 60 casas populares, al\u00e9m da revitaliza\u00e7\u00e3o da Pra\u00e7a da Bandeira e da Pra\u00e7a de Cruzeiro, entre outras. Em todas as \u00e1reas, os resultados s\u00e3o expressivos. Na Secretaria de Obras, os servi\u00e7os de manuten\u00e7\u00e3o dos espa\u00e7os p\u00fablicos, ilumina\u00e7\u00e3o e recupera\u00e7\u00e3o de vias foram destaques. No Esporte, novos programas de atendimento no contraturno escolar, competi\u00e7\u00f5es de v\u00e1rias modalidades e o incentivo aos atletas locais movimentaram a \u00e1rea.<\/p>\n\n\n\n<p>Na Agricultura, est\u00e3o sendo ampliados os servi\u00e7os de manuten\u00e7\u00e3o de estradas e pontes, garantindo o acesso \u00e0s comunidades, al\u00e9m de obras de cal\u00e7amento e asfalto. O Prefeito Anderson Mantei, destaca as a\u00e7\u00f5es destes 100 dias do segundo mandato, \u201cN\u00f3s estamos fechando esse momento com v\u00e1rias conquistas e avan\u00e7os. S\u00e3o muitas a\u00e7\u00f5es que estamos podendo realizar agora, por consequ\u00eancia da gest\u00e3o e estrat\u00e9gia que tivemos no primeiro mandato. Estamos ainda mais empenhados em tornar Santa Rosa maior e ainda melhor para se viver, e para isso, contamos com apoio de servidores empenhados para nos ajudar a fazer a diferen\u00e7a\u201d.<\/p>\n\n\n\n<p>No Desenvolvimento Social, pol\u00edticas p\u00fablicas foram fortalecidas para promover o bem-estar da popula\u00e7\u00e3o em situa\u00e7\u00e3o de vulnerabilidade. Na \u00e1rea de Administra\u00e7\u00e3o e Fazenda e na Procuradoria-Geral do Munic\u00edpio, a\u00e7\u00f5es voltadas \u00e0 moderniza\u00e7\u00e3o e \u00e0 facilita\u00e7\u00e3o do acesso aos servi\u00e7os p\u00fablicos foram implantadas. Na Secretaria de Mobilidade Urbana, o Plano de Mobilidade Urbana que ser\u00e1 implementado ao longo de um ano, ter\u00e1 sua primeira etapa executada, trazendo melhorias para o tr\u00e1fego de ve\u00edculos.<\/p>\n\n\n\n<p>Os primeiros 100 dias tamb\u00e9m foram marcados por outros destaques. Na Secretaria de Meio Ambiente, os programas Arboriza J\u00e1, conta com o plantio de 3 mil mudas, e o Recicla J\u00e1, que promove o descarte correto de res\u00edduos, segue em plena execu\u00e7\u00e3o. Tamb\u00e9m foi iniciada a primeira etapa do programa de castra\u00e7\u00e3o de c\u00e3es e gatos, com 550 castra\u00e7\u00f5es dispon\u00edveis.<\/p>\n\n\n\n<p>A Secretaria de Gest\u00e3o ampliou os servi\u00e7os digitais por meio do Prefeitura Digital, totalizando 334 servi\u00e7os digitais implantados, modernizando o atendimento \u00e0 popula\u00e7\u00e3o. Na Secretaria de Desenvolvimento Econ\u00f4mico, Tecnologia, Turismo e Eventos, dois projetos estruturantes foram destaque: a conclus\u00e3o da 2\u00aa fase do Agrohub Santa Rosa, uma parceria entre a Prefeitura e o Tecnopuc, e a entrega da primeira etapa do Georreferenciamento de Santa Rosa.<\/p>\n\n\n\n<p>Na Sa\u00fade, a amplia\u00e7\u00e3o do acolhimento nas Unidades B\u00e1sicas e a cria\u00e7\u00e3o do Centro de Aten\u00e7\u00e3o Integral e Preven\u00e7\u00e3o \u00e0s ISTs, ao HIV\/Aids e coinfec\u00e7\u00f5es possibilitaram um atendimento mais qualificado para a popula\u00e7\u00e3o. Os 100 primeiros dias, foram s\u00f3 uma amostra de tudo o que ainda est\u00e1 por vir nos pr\u00f3ximos 3 anos e 9 meses que est\u00e3o pela frente, \u201cNossa comunidade pode esperar muito mais, pois estamos trabalhando diariamente empenhados para que Santa Rosa se torne uma cidade ainda mais segura e em pleno desenvolvimento\u201d, finaliza Mantei. A administra\u00e7\u00e3o est\u00e1 focada, com um olhar firme para o futuro. Santa Rosa segue crescendo com responsabilidade, inova\u00e7\u00e3o e transformando cada desafio em oportunidade para avan\u00e7ar ainda mais.<\/p>\n","protected":false},"excerpt":{"rendered":"<p>Nesta sexta-feira (11\/04), a Gest\u00e3o Mantei\/Taquari completa 100 dias de Governo. Em pouco mais de tr\u00eas meses, a cidade j\u00e1<\/p>\n","protected":false},"author":12,"featured_media":13509,"comment_status":"closed","ping_status":"closed","sticky":false,"template":"","format":"standard","meta":{"footnotes":""},"categories":[4,3,9],"tags":[],"class_list":["post-13507","post","type-post","status-publish","format-standard","has-post-thumbnail","hentry","category-noticias","category-gabinete-do-prefeito","category-gabinete-do-vice-prefeito"],"aioseo_notices":[],"_links":{"self":[{"href":"https:\/\/prefeitura.santarosa.rs.gov.br\/index.php?rest_route=\/wp\/v2\/posts\/13507","targetHints":{"allow":["GET"]}}],"collection":[{"href":"https:\/\/prefeitura.santarosa.rs.gov.br\/index.php?rest_route=\/wp\/v2\/posts"}],"about":[{"href":"https:\/\/prefeitura.santarosa.rs.gov.br\/index.php?rest_route=\/wp\/v2\/types\/post"}],"author":[{"embeddable":true,"href":"https:\/\/prefeitura.santarosa.rs.gov.br\/index.php?rest_route=\/wp\/v2\/users\/12"}],"replies":[{"embeddable":true,"href":"https:\/\/prefeitura.santarosa.rs.gov.br\/index.php?rest_route=%2Fwp%2Fv2%2Fcomments&post=13507"}],"version-history":[{"count":1,"href":"https:\/\/prefeitura.santarosa.rs.gov.br\/index.php?rest_route=\/wp\/v2\/posts\/13507\/revisions"}],"predecessor-version":[{"id":13510,"href":"https:\/\/prefeitura.santarosa.rs.gov.br\/index.php?rest_route=\/wp\/v2\/posts\/13507\/revisions\/13510"}],"wp:featuredmedia":[{"embeddable":true,"href":"https:\/\/prefeitura.santarosa.rs.gov.br\/index.php?rest_route=\/wp\/v2\/media\/13509"}],"wp:attachment":[{"href":"https:\/\/prefeitura.santarosa.rs.gov.br\/index.php?rest_route=%2Fwp%2Fv2%2Fmedia&parent=13507"}],"wp:term":[{"taxonomy":"category","embeddable":true,"href":"https:\/\/prefeitura.santarosa.rs.gov.br\/index.php?rest_route=%2Fwp%2Fv2%2Fcategories&post=13507"},{"taxonomy":"post_tag","embeddable":true,"href":"https:\/\/prefeitura.santarosa.rs.gov.br\/index.php?rest_route=%2Fwp%2Fv2%2Ftags&post=13507"}],"curies":[{"name":"wp","href":"https:\/\/api.w.org\/{rel}","templated":true}]}}