{"id":13502,"date":"2025-04-10T17:16:55","date_gmt":"2025-04-10T20:16:55","guid":{"rendered":"https:\/\/prefeitura.santarosa.rs.gov.br\/?p=13502"},"modified":"2025-04-10T17:16:56","modified_gmt":"2025-04-10T20:16:56","slug":"obra-estruturante-da-rua-10-de-novembro-esta-em-execucao","status":"publish","type":"post","link":"https:\/\/prefeitura.santarosa.rs.gov.br\/?p=13502","title":{"rendered":"Obra estruturante da Rua 10 de Novembro est\u00e1 em execu\u00e7\u00e3o"},"content":{"rendered":"\n<figure class=\"wp-block-image size-full\"><img fetchpriority=\"high\" decoding=\"async\" width=\"860\" height=\"645\" src=\"https:\/\/prefeitura.santarosa.rs.gov.br\/wp-content\/uploads\/2025\/04\/Formato-Site-e-Portal-860X645-JPG-2025-04-10T171502.604.jpg\" alt=\"\" class=\"wp-image-13503\" srcset=\"https:\/\/prefeitura.santarosa.rs.gov.br\/wp-content\/uploads\/2025\/04\/Formato-Site-e-Portal-860X645-JPG-2025-04-10T171502.604.jpg 860w, https:\/\/prefeitura.santarosa.rs.gov.br\/wp-content\/uploads\/2025\/04\/Formato-Site-e-Portal-860X645-JPG-2025-04-10T171502.604-300x225.jpg 300w, https:\/\/prefeitura.santarosa.rs.gov.br\/wp-content\/uploads\/2025\/04\/Formato-Site-e-Portal-860X645-JPG-2025-04-10T171502.604-768x576.jpg 768w\" sizes=\"(max-width: 860px) 100vw, 860px\" \/><\/figure>\n\n\n\n<p>A Prefeitura de Santa Rosa continua avan\u00e7ando com os projetos de pavimenta\u00e7\u00e3o que visam melhorar a infraestrutura da cidade. Entre as a\u00e7\u00f5es em andamento, o asfalto da Rua 10 de Novembro, no Bairro Central, est\u00e1 30% conclu\u00eddo. As melhorias est\u00e3o sendo realizadas em uma \u00e1rea de 14.943 metros quadrados. Mais de R$ 5 milh\u00f5es est\u00e3o sendo investidos no local. No momento, as equipes est\u00e3o finalizando a drenagem e ir\u00e3o come\u00e7ar a execu\u00e7\u00e3o da base do pavimento.<\/p>\n\n\n\n<p>Essa \u00e9 a primeira etapa do projeto que vai da Av. Expedicion\u00e1rio Weber at\u00e9 a Rua Bernado Guimar\u00e3es. O vice-prefeito Aldemir Ulrich, destacou as melhorias no local, &#8220;Esta \u00e9 uma via estruturante que vai possibilitar ao final de todo o projeto, uma liga\u00e7\u00e3o direta entre a Avenida Expedicion\u00e1rio Weber e o trevo de acesso ao Distrito Multissetorial, facilitando a entrada e sa\u00edda de ve\u00edculos leves, mas tamb\u00e9m de ve\u00edculos de carga&#8221;.<\/p>\n\n\n\n<p>Al\u00e9m da pavimenta\u00e7\u00e3o, o projeto tamb\u00e9m inclui servi\u00e7os de alargamento da via, execu\u00e7\u00e3o de rede de drenagem, base e sub-base, constru\u00e7\u00e3o de passeios e rampas de acessibilidade, nivelamento de tampas da Aegea\/Corsan e sinaliza\u00e7\u00e3o horizontal e vertical. Com a conclus\u00e3o da primeira etapa, o projeto seguir\u00e1 para a segunda fase, que ir\u00e1 estender a obra da Rua Bernardo Guimar\u00e3es at\u00e9 o trevo da RSC-472 (trevo de acesso ao Multissetorial), passando pelas ruas Manoel Brand\u00e3o Ferreira Filho e Dr. Accioly.<\/p>\n","protected":false},"excerpt":{"rendered":"<p>A Prefeitura de Santa Rosa continua avan\u00e7ando com os projetos de pavimenta\u00e7\u00e3o que visam melhorar a infraestrutura da cidade. Entre<\/p>\n","protected":false},"author":12,"featured_media":13504,"comment_status":"closed","ping_status":"closed","sticky":false,"template":"","format":"standard","meta":{"footnotes":""},"categories":[4,22],"tags":[],"class_list":["post-13502","post","type-post","status-publish","format-standard","has-post-thumbnail","hentry","category-noticias","category-secretaria-municipal-de-planejamento-e-habitacao"],"aioseo_notices":[],"_links":{"self":[{"href":"https:\/\/prefeitura.santarosa.rs.gov.br\/index.php?rest_route=\/wp\/v2\/posts\/13502","targetHints":{"allow":["GET"]}}],"collection":[{"href":"https:\/\/prefeitura.santarosa.rs.gov.br\/index.php?rest_route=\/wp\/v2\/posts"}],"about":[{"href":"https:\/\/prefeitura.santarosa.rs.gov.br\/index.php?rest_route=\/wp\/v2\/types\/post"}],"author":[{"embeddable":true,"href":"https:\/\/prefeitura.santarosa.rs.gov.br\/index.php?rest_route=\/wp\/v2\/users\/12"}],"replies":[{"embeddable":true,"href":"https:\/\/prefeitura.santarosa.rs.gov.br\/index.php?rest_route=%2Fwp%2Fv2%2Fcomments&post=13502"}],"version-history":[{"count":1,"href":"https:\/\/prefeitura.santarosa.rs.gov.br\/index.php?rest_route=\/wp\/v2\/posts\/13502\/revisions"}],"predecessor-version":[{"id":13505,"href":"https:\/\/prefeitura.santarosa.rs.gov.br\/index.php?rest_route=\/wp\/v2\/posts\/13502\/revisions\/13505"}],"wp:featuredmedia":[{"embeddable":true,"href":"https:\/\/prefeitura.santarosa.rs.gov.br\/index.php?rest_route=\/wp\/v2\/media\/13504"}],"wp:attachment":[{"href":"https:\/\/prefeitura.santarosa.rs.gov.br\/index.php?rest_route=%2Fwp%2Fv2%2Fmedia&parent=13502"}],"wp:term":[{"taxonomy":"category","embeddable":true,"href":"https:\/\/prefeitura.santarosa.rs.gov.br\/index.php?rest_route=%2Fwp%2Fv2%2Fcategories&post=13502"},{"taxonomy":"post_tag","embeddable":true,"href":"https:\/\/prefeitura.santarosa.rs.gov.br\/index.php?rest_route=%2Fwp%2Fv2%2Ftags&post=13502"}],"curies":[{"name":"wp","href":"https:\/\/api.w.org\/{rel}","templated":true}]}}