{"id":1349,"date":"2021-06-23T15:27:00","date_gmt":"2021-06-23T18:27:00","guid":{"rendered":"https:\/\/prefeitura.santarosa.rs.gov.br\/?p=1349"},"modified":"2024-10-07T09:55:01","modified_gmt":"2024-10-07T12:55:01","slug":"comecou-a-obra-da-havan","status":"publish","type":"post","link":"https:\/\/prefeitura.santarosa.rs.gov.br\/?p=1349","title":{"rendered":"Come\u00e7ou a obra da Havan"},"content":{"rendered":"\n<p>Ser\u00e3o 9 mil metros quadrados de loja e perspectiva de 100 empregos diretos.<\/p>\n\n\n\n<p>Nesta ter\u00e7a-feira(22), foi dado o in\u00edcio de obra da Havan em Santa Rosa. A empresa tem perspectiva de estar em funcionamento ainda este ano. O Diretor de Expans\u00e3o esteve na cidade para o ato realizado junto com o Secret\u00e1rio de Desenvolvimento, Odaylson Eder.<br>Milton Hang esteve na cidade para uma breve visita no terreno onde ser\u00e1 a loja da Havan(ao lado do Stok Center). Na oportunidade, acompanhado com uma equipe de profissionais da empresa foram verificados os projetos e oficialmente dado o in\u00edcio da obra, \u201cQueremos estar com a Havan em funcionamento em Santa Rosa para o Natal deste ano\u201d. Ser\u00e3o 9 mil metros quadrados de loja e perspectiva de 100 empregos diretos.<\/p>\n\n\n\n<p>O Secret\u00e1rio Odaylson Eder recorda que o movimento para trazer a Havan come\u00e7ou em 2017 quando Luciano Hang divulgou que estaria com lojas no Rio Grande do Sul. Na \u00e9poca, o prefeito Vicini, Odaylson Eder(ACISAP), Anderson Mantei e o Deputado Osmar Terra realizaram uma visita ao empres\u00e1rio em Brusque. A partir disso, v\u00e1rias reuni\u00f5es e encontros foram realizados para esse grande projeto, \u201cEsse \u00e9 mais um retorno de um movimento das nossas lideran\u00e7as para o desenvolvimento. Temos certeza que o cen\u00e1rio em Santa Rosa j\u00e1 come\u00e7ou a mudar e a popula\u00e7\u00e3o j\u00e1 est\u00e1 sentindo esse clima de crescimento e desenvolvimento\u201d.<br>No fim do ano passado, Luciano Hang esteve em Santa Rosa com o prefeito Anderson que acompanhou todo o processo para trazer a Havan para Santa Rosa. Nesta semana ent\u00e3o, com a finaliza\u00e7\u00e3o do projeto, uma equipe de 6 profissionais da empresa esteve na cidade para iniciar a obra.<\/p>\n","protected":false},"excerpt":{"rendered":"<p>Ser\u00e3o 9 mil metros quadrados de loja e perspectiva de 100 empregos diretos. Nesta ter\u00e7a-feira(22), foi dado o in\u00edcio de<\/p>\n","protected":false},"author":3,"featured_media":1350,"comment_status":"open","ping_status":"open","sticky":false,"template":"","format":"standard","meta":{"footnotes":""},"categories":[4,16],"tags":[],"class_list":["post-1349","post","type-post","status-publish","format-standard","has-post-thumbnail","hentry","category-noticias","category-secretaria-municipal-de-desenvolvimento-economico-turismo-e-tecnologia"],"aioseo_notices":[],"_links":{"self":[{"href":"https:\/\/prefeitura.santarosa.rs.gov.br\/index.php?rest_route=\/wp\/v2\/posts\/1349","targetHints":{"allow":["GET"]}}],"collection":[{"href":"https:\/\/prefeitura.santarosa.rs.gov.br\/index.php?rest_route=\/wp\/v2\/posts"}],"about":[{"href":"https:\/\/prefeitura.santarosa.rs.gov.br\/index.php?rest_route=\/wp\/v2\/types\/post"}],"author":[{"embeddable":true,"href":"https:\/\/prefeitura.santarosa.rs.gov.br\/index.php?rest_route=\/wp\/v2\/users\/3"}],"replies":[{"embeddable":true,"href":"https:\/\/prefeitura.santarosa.rs.gov.br\/index.php?rest_route=%2Fwp%2Fv2%2Fcomments&post=1349"}],"version-history":[{"count":1,"href":"https:\/\/prefeitura.santarosa.rs.gov.br\/index.php?rest_route=\/wp\/v2\/posts\/1349\/revisions"}],"predecessor-version":[{"id":1351,"href":"https:\/\/prefeitura.santarosa.rs.gov.br\/index.php?rest_route=\/wp\/v2\/posts\/1349\/revisions\/1351"}],"wp:featuredmedia":[{"embeddable":true,"href":"https:\/\/prefeitura.santarosa.rs.gov.br\/index.php?rest_route=\/wp\/v2\/media\/1350"}],"wp:attachment":[{"href":"https:\/\/prefeitura.santarosa.rs.gov.br\/index.php?rest_route=%2Fwp%2Fv2%2Fmedia&parent=1349"}],"wp:term":[{"taxonomy":"category","embeddable":true,"href":"https:\/\/prefeitura.santarosa.rs.gov.br\/index.php?rest_route=%2Fwp%2Fv2%2Fcategories&post=1349"},{"taxonomy":"post_tag","embeddable":true,"href":"https:\/\/prefeitura.santarosa.rs.gov.br\/index.php?rest_route=%2Fwp%2Fv2%2Ftags&post=1349"}],"curies":[{"name":"wp","href":"https:\/\/api.w.org\/{rel}","templated":true}]}}