{"id":13487,"date":"2025-04-09T17:12:34","date_gmt":"2025-04-09T20:12:34","guid":{"rendered":"https:\/\/prefeitura.santarosa.rs.gov.br\/?p=13487"},"modified":"2025-04-09T17:12:34","modified_gmt":"2025-04-09T20:12:34","slug":"asfalto-da-rua-sao-paulo-e-concluido-no-bairro-planalto","status":"publish","type":"post","link":"https:\/\/prefeitura.santarosa.rs.gov.br\/?p=13487","title":{"rendered":"Asfalto da Rua S\u00e3o Paulo \u00e9 conclu\u00eddo no Bairro Planalto"},"content":{"rendered":"\n<figure class=\"wp-block-image size-full\"><img fetchpriority=\"high\" decoding=\"async\" width=\"860\" height=\"645\" src=\"https:\/\/prefeitura.santarosa.rs.gov.br\/wp-content\/uploads\/2025\/04\/Formato-Site-e-Portal-860X645-JPG-2025-04-09T170547.503.jpg\" alt=\"\" class=\"wp-image-13488\" srcset=\"https:\/\/prefeitura.santarosa.rs.gov.br\/wp-content\/uploads\/2025\/04\/Formato-Site-e-Portal-860X645-JPG-2025-04-09T170547.503.jpg 860w, https:\/\/prefeitura.santarosa.rs.gov.br\/wp-content\/uploads\/2025\/04\/Formato-Site-e-Portal-860X645-JPG-2025-04-09T170547.503-300x225.jpg 300w, https:\/\/prefeitura.santarosa.rs.gov.br\/wp-content\/uploads\/2025\/04\/Formato-Site-e-Portal-860X645-JPG-2025-04-09T170547.503-768x576.jpg 768w\" sizes=\"(max-width: 860px) 100vw, 860px\" \/><\/figure>\n\n\n\n<p>A Prefeitura de Santa Rosa concluiu nesta semana a obra de pavimenta\u00e7\u00e3o asf\u00e1ltica da Rua S\u00e3o Paulo, localizada no bairro Planalto. A interven\u00e7\u00e3o abrange uma \u00e1rea de 5.700,81 metros quadrados e faz parte do esfor\u00e7o cont\u00ednuo da administra\u00e7\u00e3o municipal para melhorar a infraestrutura da cidade.<\/p>\n\n\n\n<p>Com um investimento de aproximadamente R$ 830 mil, a obra na Rua S\u00e3o Paulo incluiu uma s\u00e9rie de servi\u00e7os complementares, como a execu\u00e7\u00e3o de rede de drenagem, instala\u00e7\u00e3o de sarjetas e meio-fio de concreto, al\u00e9m de remendos profundos no pavimento. As melhorias tamb\u00e9m contemplaram rampas de acessibilidade, nivelamento das tampas da Aegea\/Corsan e a implementa\u00e7\u00e3o de sinaliza\u00e7\u00e3o vertical e horizontal. O Prefeito Anderson Mantei destacou a import\u00e2ncia da obra para a comunidade e refor\u00e7ou o compromisso da gest\u00e3o com o desenvolvimento de Santa Rosa, &#8220;Este \u00e9 mais um projeto conclu\u00eddo no Bairro Planalto. Estamos avan\u00e7ando nas obras de infraestrutura, contemplando todas as regi\u00f5es do munic\u00edpio, para que a cidade tenha acesso facilitado e mais mobilidade\u201d.<\/p>\n\n\n\n<p>Al\u00e9m dessa importante obra, o bairro Planalto tamb\u00e9m foi recentemente contemplado com pavimenta\u00e7\u00e3o na Rua Jo\u00e3o Straub, Rua dos Coqueiros, Rua Albino Minks e Rua Guanabara. No momento, seguem em execu\u00e7\u00e3o as obras nas ruas Esp\u00edrito Santo e Ant\u00f4nio Piekala.<\/p>\n","protected":false},"excerpt":{"rendered":"<p>A Prefeitura de Santa Rosa concluiu nesta semana a obra de pavimenta\u00e7\u00e3o asf\u00e1ltica da Rua S\u00e3o Paulo, localizada no bairro<\/p>\n","protected":false},"author":12,"featured_media":13489,"comment_status":"closed","ping_status":"closed","sticky":false,"template":"","format":"standard","meta":{"footnotes":""},"categories":[4,22],"tags":[],"class_list":["post-13487","post","type-post","status-publish","format-standard","has-post-thumbnail","hentry","category-noticias","category-secretaria-municipal-de-planejamento-e-habitacao"],"aioseo_notices":[],"_links":{"self":[{"href":"https:\/\/prefeitura.santarosa.rs.gov.br\/index.php?rest_route=\/wp\/v2\/posts\/13487","targetHints":{"allow":["GET"]}}],"collection":[{"href":"https:\/\/prefeitura.santarosa.rs.gov.br\/index.php?rest_route=\/wp\/v2\/posts"}],"about":[{"href":"https:\/\/prefeitura.santarosa.rs.gov.br\/index.php?rest_route=\/wp\/v2\/types\/post"}],"author":[{"embeddable":true,"href":"https:\/\/prefeitura.santarosa.rs.gov.br\/index.php?rest_route=\/wp\/v2\/users\/12"}],"replies":[{"embeddable":true,"href":"https:\/\/prefeitura.santarosa.rs.gov.br\/index.php?rest_route=%2Fwp%2Fv2%2Fcomments&post=13487"}],"version-history":[{"count":1,"href":"https:\/\/prefeitura.santarosa.rs.gov.br\/index.php?rest_route=\/wp\/v2\/posts\/13487\/revisions"}],"predecessor-version":[{"id":13490,"href":"https:\/\/prefeitura.santarosa.rs.gov.br\/index.php?rest_route=\/wp\/v2\/posts\/13487\/revisions\/13490"}],"wp:featuredmedia":[{"embeddable":true,"href":"https:\/\/prefeitura.santarosa.rs.gov.br\/index.php?rest_route=\/wp\/v2\/media\/13489"}],"wp:attachment":[{"href":"https:\/\/prefeitura.santarosa.rs.gov.br\/index.php?rest_route=%2Fwp%2Fv2%2Fmedia&parent=13487"}],"wp:term":[{"taxonomy":"category","embeddable":true,"href":"https:\/\/prefeitura.santarosa.rs.gov.br\/index.php?rest_route=%2Fwp%2Fv2%2Fcategories&post=13487"},{"taxonomy":"post_tag","embeddable":true,"href":"https:\/\/prefeitura.santarosa.rs.gov.br\/index.php?rest_route=%2Fwp%2Fv2%2Ftags&post=13487"}],"curies":[{"name":"wp","href":"https:\/\/api.w.org\/{rel}","templated":true}]}}