{"id":13482,"date":"2025-04-09T15:25:29","date_gmt":"2025-04-09T18:25:29","guid":{"rendered":"https:\/\/prefeitura.santarosa.rs.gov.br\/?p=13482"},"modified":"2025-04-09T15:25:30","modified_gmt":"2025-04-09T18:25:30","slug":"abertura-da-20a-feira-do-livro-de-santa-rosa-aconteceu-nesta-quarta-feira","status":"publish","type":"post","link":"https:\/\/prefeitura.santarosa.rs.gov.br\/?p=13482","title":{"rendered":"Abertura da 20\u00aa Feira do Livro de Santa Rosa aconteceu nesta quarta-feira"},"content":{"rendered":"\n<figure class=\"wp-block-image size-full\"><img fetchpriority=\"high\" decoding=\"async\" width=\"860\" height=\"645\" src=\"https:\/\/prefeitura.santarosa.rs.gov.br\/wp-content\/uploads\/2025\/04\/Formato-Site-e-Portal-860X645-JPG-2025-04-09T151649.530.jpg\" alt=\"\" class=\"wp-image-13483\" srcset=\"https:\/\/prefeitura.santarosa.rs.gov.br\/wp-content\/uploads\/2025\/04\/Formato-Site-e-Portal-860X645-JPG-2025-04-09T151649.530.jpg 860w, https:\/\/prefeitura.santarosa.rs.gov.br\/wp-content\/uploads\/2025\/04\/Formato-Site-e-Portal-860X645-JPG-2025-04-09T151649.530-300x225.jpg 300w, https:\/\/prefeitura.santarosa.rs.gov.br\/wp-content\/uploads\/2025\/04\/Formato-Site-e-Portal-860X645-JPG-2025-04-09T151649.530-768x576.jpg 768w\" sizes=\"(max-width: 860px) 100vw, 860px\" \/><\/figure>\n\n\n\n<p>A manh\u00e3 desta quarta-feira (09), foi marcada pela abertura oficial da 20\u00aa Feira do Livro de Santa Rosa. A a\u00e7\u00e3o contou com a presen\u00e7a de alunos da Rede Municipal de Ensino, diretores, professores, autoridades e da comunidade. Para esta edi\u00e7\u00e3o, foi escolhido como patrono, o escritor Jacob Petry e como escritor homenageado, Claudiomiro Sorriso. Neste ano, o evento tem como tema \u201c150 anos da etnia italiana no Rio Grande do Sul\u201d e o slogan \u201cLer \u00e9 uma aventura fant\u00e1stica\u201d.<\/p>\n\n\n\n<p>Durante a abertura, foi exibido um v\u00eddeo do patrono Jacob Petry, que compartilhou sua vis\u00e3o sobre a import\u00e2ncia dos livros e da literatura em sua carreira e trajet\u00f3ria como escritor. O escritor homenageado tamb\u00e9m trouxe sua sauda\u00e7\u00e3o e enfatizou que os livros movem o mundo e transformam vidas. Em sua fala, o Prefeito Anderson Mantei ressaltou o apoio cont\u00ednuo do Governo Municipal \u00e0 feira, destacando a import\u00e2ncia do incentivo \u00e0 leitura e ao gosto pelos livros, &#8220;Investir na leitura \u00e9 investir no crescimento e no desenvolvimento dos nossos jovens. A leitura proporciona uma vis\u00e3o de mundo mais ampla, instiga a criatividade e fortalece o aprendizado&#8221;.<\/p>\n\n\n\n<p>A abertura tamb\u00e9m foi marcada por uma homenagem \u00e0 ACISAP (Associa\u00e7\u00e3o Comercial, Industrial, de Servi\u00e7os e Agropecu\u00e1ria de Santa Rosa), pelos 10 anos do Programa Biblioteca de Rua, que tem contribu\u00eddo significativamente para o acesso \u00e0 cultura e \u00e0 literatura na cidade. A 20\u00aa Feira do Livro de Santa Rosa segue at\u00e9 o dia 15 de abril, com uma programa\u00e7\u00e3o diversificada de atividades culturais, incluindo o lan\u00e7amento de 12 livros. Acesse as p\u00e1ginas oficiais da Prefeitura para conferir a programa\u00e7\u00e3o completa e os hor\u00e1rios de visita\u00e7\u00e3o.<\/p>\n","protected":false},"excerpt":{"rendered":"<p>A manh\u00e3 desta quarta-feira (09), foi marcada pela abertura oficial da 20\u00aa Feira do Livro de Santa Rosa. A a\u00e7\u00e3o<\/p>\n","protected":false},"author":12,"featured_media":13484,"comment_status":"closed","ping_status":"closed","sticky":false,"template":"","format":"standard","meta":{"footnotes":""},"categories":[4,18],"tags":[],"class_list":["post-13482","post","type-post","status-publish","format-standard","has-post-thumbnail","hentry","category-noticias","category-secretaria-municipal-de-educacao-e-cultura"],"aioseo_notices":[],"_links":{"self":[{"href":"https:\/\/prefeitura.santarosa.rs.gov.br\/index.php?rest_route=\/wp\/v2\/posts\/13482","targetHints":{"allow":["GET"]}}],"collection":[{"href":"https:\/\/prefeitura.santarosa.rs.gov.br\/index.php?rest_route=\/wp\/v2\/posts"}],"about":[{"href":"https:\/\/prefeitura.santarosa.rs.gov.br\/index.php?rest_route=\/wp\/v2\/types\/post"}],"author":[{"embeddable":true,"href":"https:\/\/prefeitura.santarosa.rs.gov.br\/index.php?rest_route=\/wp\/v2\/users\/12"}],"replies":[{"embeddable":true,"href":"https:\/\/prefeitura.santarosa.rs.gov.br\/index.php?rest_route=%2Fwp%2Fv2%2Fcomments&post=13482"}],"version-history":[{"count":1,"href":"https:\/\/prefeitura.santarosa.rs.gov.br\/index.php?rest_route=\/wp\/v2\/posts\/13482\/revisions"}],"predecessor-version":[{"id":13485,"href":"https:\/\/prefeitura.santarosa.rs.gov.br\/index.php?rest_route=\/wp\/v2\/posts\/13482\/revisions\/13485"}],"wp:featuredmedia":[{"embeddable":true,"href":"https:\/\/prefeitura.santarosa.rs.gov.br\/index.php?rest_route=\/wp\/v2\/media\/13484"}],"wp:attachment":[{"href":"https:\/\/prefeitura.santarosa.rs.gov.br\/index.php?rest_route=%2Fwp%2Fv2%2Fmedia&parent=13482"}],"wp:term":[{"taxonomy":"category","embeddable":true,"href":"https:\/\/prefeitura.santarosa.rs.gov.br\/index.php?rest_route=%2Fwp%2Fv2%2Fcategories&post=13482"},{"taxonomy":"post_tag","embeddable":true,"href":"https:\/\/prefeitura.santarosa.rs.gov.br\/index.php?rest_route=%2Fwp%2Fv2%2Ftags&post=13482"}],"curies":[{"name":"wp","href":"https:\/\/api.w.org\/{rel}","templated":true}]}}