{"id":13474,"date":"2025-04-08T16:16:00","date_gmt":"2025-04-08T19:16:00","guid":{"rendered":"https:\/\/prefeitura.santarosa.rs.gov.br\/?p=13474"},"modified":"2025-04-08T16:16:00","modified_gmt":"2025-04-08T19:16:00","slug":"prefeitura-inicia-projeto-de-jiu-jitsu-em-escolas-da-rede-municipal-de-ensino","status":"publish","type":"post","link":"https:\/\/prefeitura.santarosa.rs.gov.br\/?p=13474","title":{"rendered":"Prefeitura inicia projeto de Jiu-Jitsu em escolas da Rede Municipal de Ensino"},"content":{"rendered":"\n<figure class=\"wp-block-image size-full\"><img fetchpriority=\"high\" decoding=\"async\" width=\"860\" height=\"645\" src=\"https:\/\/prefeitura.santarosa.rs.gov.br\/wp-content\/uploads\/2025\/04\/Formato-Site-e-Portal-860X645-JPG-2025-04-08T161156.630.jpg\" alt=\"\" class=\"wp-image-13475\" srcset=\"https:\/\/prefeitura.santarosa.rs.gov.br\/wp-content\/uploads\/2025\/04\/Formato-Site-e-Portal-860X645-JPG-2025-04-08T161156.630.jpg 860w, https:\/\/prefeitura.santarosa.rs.gov.br\/wp-content\/uploads\/2025\/04\/Formato-Site-e-Portal-860X645-JPG-2025-04-08T161156.630-300x225.jpg 300w, https:\/\/prefeitura.santarosa.rs.gov.br\/wp-content\/uploads\/2025\/04\/Formato-Site-e-Portal-860X645-JPG-2025-04-08T161156.630-768x576.jpg 768w\" sizes=\"(max-width: 860px) 100vw, 860px\" \/><\/figure>\n\n\n\n<p>A Prefeitura de Santa Rosa, por meio da Secretaria de Esporte, iniciou na \u00faltima semana o projeto &#8220;Jiu-Jitsu nas Escolas&#8221;. A iniciativa visa proporcionar aos alunos do munic\u00edpio uma pr\u00e1tica disciplinada da modalidade, aliando aprendizado e divers\u00e3o. O projeto est\u00e1 presente em quatro escolas da Rede Municipal de Ensino: EMEF Pedro Speroni, EMEF C\u00edvico-Militar Coronel Raul Oliveira, EMEF Paul Harris e EMEF Nossa Senhora da Gl\u00f3ria, atendendo alunos do 1\u00ba ao 9\u00ba ano. Ao todo, foram disponibilizadas 240 vagas, que j\u00e1 foram preenchidas. Cerca de R$ 100 mil foram investidos pelo Governo Municipal.<\/p>\n\n\n\n<p>As aulas acontecem no contraturno, com atendimentos realizados nas pr\u00f3prias escolas. O Secret\u00e1rio de Esporte, Cauh\u00e3 Pereira da Silva, destacou a aceita\u00e7\u00e3o do projeto pela comunidade escolar, &#8220;O projeto foi muito bem acolhido pelos alunos e seus respons\u00e1veis. As vagas se esgotaram rapidamente, e j\u00e1 temos uma extensa lista de espera. Assim que poss\u00edvel, ampliaremos o projeto com a disponibiliza\u00e7\u00e3o de novas vagas&#8221;.<\/p>\n\n\n\n<p>A a\u00e7\u00e3o \u00e9 uma parceria entre a Escola de Jiu-Jitsu South School e a Prefeitura de Santa Rosa. A coordena\u00e7\u00e3o pretende, em setembro de 2025, realizar o I Campeonato Estudantil de Jiu-Jitsu (NO-GI), reunindo todos os estudantes participantes do projeto.<\/p>\n","protected":false},"excerpt":{"rendered":"<p>A Prefeitura de Santa Rosa, por meio da Secretaria de Esporte, iniciou na \u00faltima semana o projeto &#8220;Jiu-Jitsu nas Escolas&#8221;.<\/p>\n","protected":false},"author":12,"featured_media":13476,"comment_status":"closed","ping_status":"closed","sticky":false,"template":"","format":"standard","meta":{"footnotes":""},"categories":[4,19],"tags":[],"class_list":["post-13474","post","type-post","status-publish","format-standard","has-post-thumbnail","hentry","category-noticias","category-secretaria-municipal-de-esporte"],"aioseo_notices":[],"_links":{"self":[{"href":"https:\/\/prefeitura.santarosa.rs.gov.br\/index.php?rest_route=\/wp\/v2\/posts\/13474","targetHints":{"allow":["GET"]}}],"collection":[{"href":"https:\/\/prefeitura.santarosa.rs.gov.br\/index.php?rest_route=\/wp\/v2\/posts"}],"about":[{"href":"https:\/\/prefeitura.santarosa.rs.gov.br\/index.php?rest_route=\/wp\/v2\/types\/post"}],"author":[{"embeddable":true,"href":"https:\/\/prefeitura.santarosa.rs.gov.br\/index.php?rest_route=\/wp\/v2\/users\/12"}],"replies":[{"embeddable":true,"href":"https:\/\/prefeitura.santarosa.rs.gov.br\/index.php?rest_route=%2Fwp%2Fv2%2Fcomments&post=13474"}],"version-history":[{"count":1,"href":"https:\/\/prefeitura.santarosa.rs.gov.br\/index.php?rest_route=\/wp\/v2\/posts\/13474\/revisions"}],"predecessor-version":[{"id":13477,"href":"https:\/\/prefeitura.santarosa.rs.gov.br\/index.php?rest_route=\/wp\/v2\/posts\/13474\/revisions\/13477"}],"wp:featuredmedia":[{"embeddable":true,"href":"https:\/\/prefeitura.santarosa.rs.gov.br\/index.php?rest_route=\/wp\/v2\/media\/13476"}],"wp:attachment":[{"href":"https:\/\/prefeitura.santarosa.rs.gov.br\/index.php?rest_route=%2Fwp%2Fv2%2Fmedia&parent=13474"}],"wp:term":[{"taxonomy":"category","embeddable":true,"href":"https:\/\/prefeitura.santarosa.rs.gov.br\/index.php?rest_route=%2Fwp%2Fv2%2Fcategories&post=13474"},{"taxonomy":"post_tag","embeddable":true,"href":"https:\/\/prefeitura.santarosa.rs.gov.br\/index.php?rest_route=%2Fwp%2Fv2%2Ftags&post=13474"}],"curies":[{"name":"wp","href":"https:\/\/api.w.org\/{rel}","templated":true}]}}