{"id":13450,"date":"2025-04-08T09:24:57","date_gmt":"2025-04-08T12:24:57","guid":{"rendered":"https:\/\/prefeitura.santarosa.rs.gov.br\/?p=13450"},"modified":"2025-04-08T09:24:57","modified_gmt":"2025-04-08T12:24:57","slug":"governo-municipal-investe-em-novas-escolas","status":"publish","type":"post","link":"https:\/\/prefeitura.santarosa.rs.gov.br\/?p=13450","title":{"rendered":"Governo Municipal investe em novas escolas"},"content":{"rendered":"\n<figure class=\"wp-block-image size-full\"><img fetchpriority=\"high\" decoding=\"async\" width=\"860\" height=\"645\" src=\"https:\/\/prefeitura.santarosa.rs.gov.br\/wp-content\/uploads\/2025\/04\/Formato-Site-e-Portal-860X645-JPG-2025-04-08T091847.967.jpg\" alt=\"\" class=\"wp-image-13451\" srcset=\"https:\/\/prefeitura.santarosa.rs.gov.br\/wp-content\/uploads\/2025\/04\/Formato-Site-e-Portal-860X645-JPG-2025-04-08T091847.967.jpg 860w, https:\/\/prefeitura.santarosa.rs.gov.br\/wp-content\/uploads\/2025\/04\/Formato-Site-e-Portal-860X645-JPG-2025-04-08T091847.967-300x225.jpg 300w, https:\/\/prefeitura.santarosa.rs.gov.br\/wp-content\/uploads\/2025\/04\/Formato-Site-e-Portal-860X645-JPG-2025-04-08T091847.967-768x576.jpg 768w\" sizes=\"(max-width: 860px) 100vw, 860px\" \/><\/figure>\n\n\n\n<p>S\u00f3 neste ano, o Governo Municipal entregou duas novas Escolas de Educa\u00e7\u00e3o Infantil em Santa Rosa: a EMEI Andressa Ferreira (Sulina) e a EMEI S\u00e3o Francisco. Com isso, foi poss\u00edvel ampliar cerca de 300 novas vagas da educa\u00e7\u00e3o infantil. A demanda segue crescente, mesmo, hoje o munic\u00edpio conta com 600 crian\u00e7as cadastradas na fila de espera.<\/p>\n\n\n\n<p>A alta demanda sempre foi uma necessidade local, mas tem aumentado tamb\u00e9m em fun\u00e7\u00e3o do crescimento exponencial do munic\u00edpio, que, por ter muitas oportunidades de trabalho, atrai fam\u00edlias de outras cidades. Ao avaliar os \u00faltimos quatro anos e o primeiro trimestre do segundo mandato, o Prefeito Anderson Mantei destacou que a educa\u00e7\u00e3o tem sido uma prioridade nesta gest\u00e3o, e que o foco \u00e9 dar agilidade na constru\u00e7\u00e3o de mais escolas e na disponibiliza\u00e7\u00e3o de novas vagas, \u201cEm quatro anos, conseguimos criar mais de mil vagas na educa\u00e7\u00e3o infantil. Estamos avan\u00e7ando e com novos projetos sendo encaminhados para suprir essa constante demanda\u201d.<\/p>\n\n\n\n<p>Ao todo, desde que a gest\u00e3o Mantei e Taquari iniciou, tr\u00eas escolas foram entregues, totalizando um investimento superior a R$ 14 milh\u00f5es. Al\u00e9m disso, a Prefeitura j\u00e1 est\u00e1 com o projeto em andamento para a constru\u00e7\u00e3o de mais uma EMEI no Loteamento Vargas. A nova escola vai possibilitar a cria\u00e7\u00e3o de 200 vagas para o atendimento de crian\u00e7as em turmas de ber\u00e7\u00e1rio, maternal e pr\u00e9-escola. Mais de R$ 6 milh\u00f5es ser\u00e3o investidos na obra.<br>Outra grande conquista que est\u00e1 a caminho e \u00e9 a constru\u00e7\u00e3o de uma escola de Ensino Fundamental, que ser\u00e1 realizada em parceria com o sistema Fiergs (Sesi e Senai). O prefeito ressaltou que os recursos para essa nova escola j\u00e1 est\u00e3o dispon\u00edveis no caixa da Prefeitura, oriundos das economias geradas pela gest\u00e3o, &#8220;N\u00f3s precisamos ter grandes escolas para oferecer melhores condi\u00e7\u00f5es de ensino e aprendizado para as nossas crian\u00e7as. Estamos trabalhando nesses projetos e temos certeza de que, em breve, eles ser\u00e3o implementados&#8221;.<\/p>\n\n\n\n<p>A Rede Municipal de Ensino conta atualmente com cerca de 870 profissionais, incluindo professores, monitores e servidores, que atendem mais de 7 mil alunos matriculados nas 21 Escolas de Educa\u00e7\u00e3o Infantil (EMEIs) e 13 Escolas de Ensino Fundamental (EMEFs).<\/p>\n","protected":false},"excerpt":{"rendered":"<p>S\u00f3 neste ano, o Governo Municipal entregou duas novas Escolas de Educa\u00e7\u00e3o Infantil em Santa Rosa: a EMEI Andressa Ferreira<\/p>\n","protected":false},"author":12,"featured_media":13452,"comment_status":"closed","ping_status":"closed","sticky":false,"template":"","format":"standard","meta":{"footnotes":""},"categories":[4,18],"tags":[],"class_list":["post-13450","post","type-post","status-publish","format-standard","has-post-thumbnail","hentry","category-noticias","category-secretaria-municipal-de-educacao-e-cultura"],"aioseo_notices":[],"_links":{"self":[{"href":"https:\/\/prefeitura.santarosa.rs.gov.br\/index.php?rest_route=\/wp\/v2\/posts\/13450","targetHints":{"allow":["GET"]}}],"collection":[{"href":"https:\/\/prefeitura.santarosa.rs.gov.br\/index.php?rest_route=\/wp\/v2\/posts"}],"about":[{"href":"https:\/\/prefeitura.santarosa.rs.gov.br\/index.php?rest_route=\/wp\/v2\/types\/post"}],"author":[{"embeddable":true,"href":"https:\/\/prefeitura.santarosa.rs.gov.br\/index.php?rest_route=\/wp\/v2\/users\/12"}],"replies":[{"embeddable":true,"href":"https:\/\/prefeitura.santarosa.rs.gov.br\/index.php?rest_route=%2Fwp%2Fv2%2Fcomments&post=13450"}],"version-history":[{"count":1,"href":"https:\/\/prefeitura.santarosa.rs.gov.br\/index.php?rest_route=\/wp\/v2\/posts\/13450\/revisions"}],"predecessor-version":[{"id":13453,"href":"https:\/\/prefeitura.santarosa.rs.gov.br\/index.php?rest_route=\/wp\/v2\/posts\/13450\/revisions\/13453"}],"wp:featuredmedia":[{"embeddable":true,"href":"https:\/\/prefeitura.santarosa.rs.gov.br\/index.php?rest_route=\/wp\/v2\/media\/13452"}],"wp:attachment":[{"href":"https:\/\/prefeitura.santarosa.rs.gov.br\/index.php?rest_route=%2Fwp%2Fv2%2Fmedia&parent=13450"}],"wp:term":[{"taxonomy":"category","embeddable":true,"href":"https:\/\/prefeitura.santarosa.rs.gov.br\/index.php?rest_route=%2Fwp%2Fv2%2Fcategories&post=13450"},{"taxonomy":"post_tag","embeddable":true,"href":"https:\/\/prefeitura.santarosa.rs.gov.br\/index.php?rest_route=%2Fwp%2Fv2%2Ftags&post=13450"}],"curies":[{"name":"wp","href":"https:\/\/api.w.org\/{rel}","templated":true}]}}