{"id":13446,"date":"2025-04-07T16:57:20","date_gmt":"2025-04-07T19:57:20","guid":{"rendered":"https:\/\/prefeitura.santarosa.rs.gov.br\/?p=13446"},"modified":"2025-04-07T16:57:20","modified_gmt":"2025-04-07T19:57:20","slug":"20a-feira-do-livro-de-santa-rosa-inicia-na-proxima-quarta-feira","status":"publish","type":"post","link":"https:\/\/prefeitura.santarosa.rs.gov.br\/?p=13446","title":{"rendered":"20\u00aa Feira do Livro de Santa Rosa inicia na pr\u00f3xima quarta-feira"},"content":{"rendered":"\n<figure class=\"wp-block-image size-full\"><img fetchpriority=\"high\" decoding=\"async\" width=\"860\" height=\"645\" src=\"https:\/\/prefeitura.santarosa.rs.gov.br\/wp-content\/uploads\/2025\/04\/Formato-Site-e-Portal-860X645-JPG-2025-04-07T164922.952.jpg\" alt=\"\" class=\"wp-image-13447\" srcset=\"https:\/\/prefeitura.santarosa.rs.gov.br\/wp-content\/uploads\/2025\/04\/Formato-Site-e-Portal-860X645-JPG-2025-04-07T164922.952.jpg 860w, https:\/\/prefeitura.santarosa.rs.gov.br\/wp-content\/uploads\/2025\/04\/Formato-Site-e-Portal-860X645-JPG-2025-04-07T164922.952-300x225.jpg 300w, https:\/\/prefeitura.santarosa.rs.gov.br\/wp-content\/uploads\/2025\/04\/Formato-Site-e-Portal-860X645-JPG-2025-04-07T164922.952-768x576.jpg 768w\" sizes=\"(max-width: 860px) 100vw, 860px\" \/><\/figure>\n\n\n\n<p>A 20\u00aa edi\u00e7\u00e3o da tradicional Feira do Livro de Santa Rosa inicia na pr\u00f3xima quarta-feira (09\/04), com uma programa\u00e7\u00e3o repleta de atividades culturais. A abertura oficial ser\u00e1 \u00e0s 08h, no Centro C\u00edvico Ant\u00f4nio Carlos Borges. O evento vai contar com diversas a\u00e7\u00f5es, incluindo lan\u00e7amentos de livros, conta\u00e7\u00f5es de hist\u00f3rias e v\u00e1rias outras atra\u00e7\u00f5es, com o objetivo de envolver visitantes de todas as idades.<\/p>\n\n\n\n<p>Com o tema &#8220;150 anos da etnia italiana&#8221; e o slogan &#8220;Ler \u00e9 uma aventura fant\u00e1stica&#8221;, a 20\u00aa Feira do Livro acontecer\u00e1 entre os dias 09 e 15 de abril, em frente \u00e0 Biblioteca Municipal. A edi\u00e7\u00e3o deste ano conta com o escritor, jornalista e pesquisador Jacob Petry como patrono, e o escritor Claudiomiro Sorriso como o Escritor Homenageado. A Secret\u00e1ria de Educa\u00e7\u00e3o e Cultura, Josyane Heck, comentou sobre a import\u00e2ncia do evento para a cidade, destacando o papel da Feira como um ponto de encontro entre a comunidade e a cultura, &#8220;A Feira do Livro \u00e9 um evento que promove o acesso \u00e0 cultura e \u00e0 literatura de forma democr\u00e1tica. Estamos muito felizes com a realiza\u00e7\u00e3o de mais uma edi\u00e7\u00e3o e temos certeza que ser\u00e1 um sucesso\u201d.<\/p>\n\n\n\n<p>Um dos projetos do Governo Municipal na feira \u00e9 a distribui\u00e7\u00e3o de vales-livros para os alunos da Rede Municipal, do Ensino Fundamental (1\u00ba ao 9\u00ba ano). Foram entregues neste ano, 4.565 vales (4.015 para alunos e 550 para professores), o que resultou em um investimento superior a R$ 136 mil. Entre as atra\u00e7\u00f5es do evento, est\u00e3o previstos os lan\u00e7amentos de 12 livros.<\/p>\n","protected":false},"excerpt":{"rendered":"<p>A 20\u00aa edi\u00e7\u00e3o da tradicional Feira do Livro de Santa Rosa inicia na pr\u00f3xima quarta-feira (09\/04), com uma programa\u00e7\u00e3o repleta<\/p>\n","protected":false},"author":12,"featured_media":13448,"comment_status":"closed","ping_status":"closed","sticky":false,"template":"","format":"standard","meta":{"footnotes":""},"categories":[4,18],"tags":[],"class_list":["post-13446","post","type-post","status-publish","format-standard","has-post-thumbnail","hentry","category-noticias","category-secretaria-municipal-de-educacao-e-cultura"],"aioseo_notices":[],"_links":{"self":[{"href":"https:\/\/prefeitura.santarosa.rs.gov.br\/index.php?rest_route=\/wp\/v2\/posts\/13446","targetHints":{"allow":["GET"]}}],"collection":[{"href":"https:\/\/prefeitura.santarosa.rs.gov.br\/index.php?rest_route=\/wp\/v2\/posts"}],"about":[{"href":"https:\/\/prefeitura.santarosa.rs.gov.br\/index.php?rest_route=\/wp\/v2\/types\/post"}],"author":[{"embeddable":true,"href":"https:\/\/prefeitura.santarosa.rs.gov.br\/index.php?rest_route=\/wp\/v2\/users\/12"}],"replies":[{"embeddable":true,"href":"https:\/\/prefeitura.santarosa.rs.gov.br\/index.php?rest_route=%2Fwp%2Fv2%2Fcomments&post=13446"}],"version-history":[{"count":1,"href":"https:\/\/prefeitura.santarosa.rs.gov.br\/index.php?rest_route=\/wp\/v2\/posts\/13446\/revisions"}],"predecessor-version":[{"id":13449,"href":"https:\/\/prefeitura.santarosa.rs.gov.br\/index.php?rest_route=\/wp\/v2\/posts\/13446\/revisions\/13449"}],"wp:featuredmedia":[{"embeddable":true,"href":"https:\/\/prefeitura.santarosa.rs.gov.br\/index.php?rest_route=\/wp\/v2\/media\/13448"}],"wp:attachment":[{"href":"https:\/\/prefeitura.santarosa.rs.gov.br\/index.php?rest_route=%2Fwp%2Fv2%2Fmedia&parent=13446"}],"wp:term":[{"taxonomy":"category","embeddable":true,"href":"https:\/\/prefeitura.santarosa.rs.gov.br\/index.php?rest_route=%2Fwp%2Fv2%2Fcategories&post=13446"},{"taxonomy":"post_tag","embeddable":true,"href":"https:\/\/prefeitura.santarosa.rs.gov.br\/index.php?rest_route=%2Fwp%2Fv2%2Ftags&post=13446"}],"curies":[{"name":"wp","href":"https:\/\/api.w.org\/{rel}","templated":true}]}}