{"id":13442,"date":"2025-04-07T15:48:55","date_gmt":"2025-04-07T18:48:55","guid":{"rendered":"https:\/\/prefeitura.santarosa.rs.gov.br\/?p=13442"},"modified":"2025-04-07T15:48:55","modified_gmt":"2025-04-07T18:48:55","slug":"mais-de-2-mil-doses-foram-aplicadas-contra-a-gripe-no-sabado","status":"publish","type":"post","link":"https:\/\/prefeitura.santarosa.rs.gov.br\/?p=13442","title":{"rendered":"Mais de 2 mil doses foram aplicadas contra a gripe no s\u00e1bado"},"content":{"rendered":"\n<figure class=\"wp-block-image size-full\"><img fetchpriority=\"high\" decoding=\"async\" width=\"860\" height=\"645\" src=\"https:\/\/prefeitura.santarosa.rs.gov.br\/wp-content\/uploads\/2025\/04\/Formato-Site-e-Portal-860X645-JPG-2025-04-07T154455.567.jpg\" alt=\"\" class=\"wp-image-13443\" srcset=\"https:\/\/prefeitura.santarosa.rs.gov.br\/wp-content\/uploads\/2025\/04\/Formato-Site-e-Portal-860X645-JPG-2025-04-07T154455.567.jpg 860w, https:\/\/prefeitura.santarosa.rs.gov.br\/wp-content\/uploads\/2025\/04\/Formato-Site-e-Portal-860X645-JPG-2025-04-07T154455.567-300x225.jpg 300w, https:\/\/prefeitura.santarosa.rs.gov.br\/wp-content\/uploads\/2025\/04\/Formato-Site-e-Portal-860X645-JPG-2025-04-07T154455.567-768x576.jpg 768w\" sizes=\"(max-width: 860px) 100vw, 860px\" \/><\/figure>\n\n\n\n<p>O s\u00e1bado (05), foi marcado por uma mobiliza\u00e7\u00e3o contra a gripe (influenza), nas Unidades B\u00e1sicas de Sa\u00fade de Santa Rosa. A FUMSSAR realizou a aplica\u00e7\u00e3o de 2.146 doses. Deste total, 1.445 foram destinadas a idosos, 249 a crian\u00e7as, 36 a gestantes e 416 aos demais grupos priorit\u00e1rios. Ap\u00f3s a grande ades\u00e3o da popula\u00e7\u00e3o, o estoque de doses recebidas na primeira remessa foi quase zerado. A previs\u00e3o \u00e9 que a partir de quarta-feira (09), a Funda\u00e7\u00e3o deva receber uma nova remessa de vacinas.<\/p>\n\n\n\n<p>A Campanha Nacional de Vacina\u00e7\u00e3o contra a Gripe, que iniciou oficialmente nesta segunda-feira (07), tem como meta vacinar 32.255 pessoas em Santa Rosa, com foco nos grupos priorit\u00e1rios definidos pelo Minist\u00e9rio da Sa\u00fade. O presidente da FUMSSAR, D\u00e9lcio Stefan, destacou a import\u00e2ncia da mobiliza\u00e7\u00e3o, \u201cA ades\u00e3o da popula\u00e7\u00e3o \u00e0 campanha de vacina\u00e7\u00e3o reflete um grande compromisso com a sa\u00fade p\u00fablica. Proteger nossas crian\u00e7as, idosos e gestantes, entre outros p\u00fablicos elencados como priorit\u00e1rios, contra doen\u00e7as evit\u00e1veis s\u00e3o passos essenciais para manter nossa comunidade saud\u00e1vel\u201d.<br>Ao longo da Campanha Nacional de Vacina\u00e7\u00e3o contra a Gripe, a imuniza\u00e7\u00e3o ser\u00e1 realizada conforme a disponibilidade de doses e o cronograma de cada unidade de sa\u00fade.<\/p>\n\n\n\n<p>Os grupos priorit\u00e1rios para vacina\u00e7\u00e3o s\u00e3o:<br>\u2022 Pessoas acima de 60 anos<br>\u2022 Crian\u00e7as de 6 meses at\u00e9 menores de 6 anos (5 anos, 11 meses e 29 dias)<br>\u2022 Gestantes<br>\u2022 Pu\u00e9rperas (at\u00e9 45 dias ap\u00f3s o parto)<br>\u2022 Profissionais de sa\u00fade<br>\u2022 Professores<br>\u2022 Pessoas com defici\u00eancia permanente<br>\u2022 Pessoas com doen\u00e7as cr\u00f4nicas n\u00e3o transmiss\u00edveis e outras condi\u00e7\u00f5es cl\u00ednicas especiais<br>\u2022 Profissionais de transporte coletivo rodovi\u00e1rio<br>\u2022 Caminhoneiros<br>\u2022 Profissionais portu\u00e1rios<br>\u2022 Profissionais das for\u00e7as de seguran\u00e7a e salvamento<br>\u2022 Profissionais das For\u00e7as Armadas<br>\u2022 Profissionais dos Correios<br>\u2022 Pessoas em situa\u00e7\u00e3o de rua<br>\u2022 Ind\u00edgenas | Quilombolas<\/p>\n\n\n\n<p>Documentos Necess\u00e1rios para Vacina\u00e7\u00e3o:<br>Para ser vacinado contra a gripe, \u00e9 necess\u00e1rio apresentar documento com foto e a caderneta de vacina\u00e7\u00e3o. Trabalhadores da sa\u00fade e professores devem apresentar comprovante de v\u00ednculo ativo com a institui\u00e7\u00e3o (crach\u00e1, holerite etc.). Gestantes devem trazer a carteira de pr\u00e9-natal e pu\u00e9rperas, o comprovante de realiza\u00e7\u00e3o do parto at\u00e9 45 dias antes.<\/p>\n","protected":false},"excerpt":{"rendered":"<p>O s\u00e1bado (05), foi marcado por uma mobiliza\u00e7\u00e3o contra a gripe (influenza), nas Unidades B\u00e1sicas de Sa\u00fade de Santa Rosa.<\/p>\n","protected":false},"author":12,"featured_media":13444,"comment_status":"closed","ping_status":"closed","sticky":false,"template":"","format":"standard","meta":{"footnotes":""},"categories":[4,8],"tags":[],"class_list":["post-13442","post","type-post","status-publish","format-standard","has-post-thumbnail","hentry","category-noticias","category-noticias-fumssar"],"aioseo_notices":[],"_links":{"self":[{"href":"https:\/\/prefeitura.santarosa.rs.gov.br\/index.php?rest_route=\/wp\/v2\/posts\/13442","targetHints":{"allow":["GET"]}}],"collection":[{"href":"https:\/\/prefeitura.santarosa.rs.gov.br\/index.php?rest_route=\/wp\/v2\/posts"}],"about":[{"href":"https:\/\/prefeitura.santarosa.rs.gov.br\/index.php?rest_route=\/wp\/v2\/types\/post"}],"author":[{"embeddable":true,"href":"https:\/\/prefeitura.santarosa.rs.gov.br\/index.php?rest_route=\/wp\/v2\/users\/12"}],"replies":[{"embeddable":true,"href":"https:\/\/prefeitura.santarosa.rs.gov.br\/index.php?rest_route=%2Fwp%2Fv2%2Fcomments&post=13442"}],"version-history":[{"count":1,"href":"https:\/\/prefeitura.santarosa.rs.gov.br\/index.php?rest_route=\/wp\/v2\/posts\/13442\/revisions"}],"predecessor-version":[{"id":13445,"href":"https:\/\/prefeitura.santarosa.rs.gov.br\/index.php?rest_route=\/wp\/v2\/posts\/13442\/revisions\/13445"}],"wp:featuredmedia":[{"embeddable":true,"href":"https:\/\/prefeitura.santarosa.rs.gov.br\/index.php?rest_route=\/wp\/v2\/media\/13444"}],"wp:attachment":[{"href":"https:\/\/prefeitura.santarosa.rs.gov.br\/index.php?rest_route=%2Fwp%2Fv2%2Fmedia&parent=13442"}],"wp:term":[{"taxonomy":"category","embeddable":true,"href":"https:\/\/prefeitura.santarosa.rs.gov.br\/index.php?rest_route=%2Fwp%2Fv2%2Fcategories&post=13442"},{"taxonomy":"post_tag","embeddable":true,"href":"https:\/\/prefeitura.santarosa.rs.gov.br\/index.php?rest_route=%2Fwp%2Fv2%2Ftags&post=13442"}],"curies":[{"name":"wp","href":"https:\/\/api.w.org\/{rel}","templated":true}]}}