{"id":13435,"date":"2025-04-04T16:11:15","date_gmt":"2025-04-04T19:11:15","guid":{"rendered":"https:\/\/prefeitura.santarosa.rs.gov.br\/?p=13435"},"modified":"2025-04-04T16:11:16","modified_gmt":"2025-04-04T19:11:16","slug":"nova-obra-de-asfalto-para-o-bairro-sulina","status":"publish","type":"post","link":"https:\/\/prefeitura.santarosa.rs.gov.br\/?p=13435","title":{"rendered":"Nova obra de asfalto para o Bairro Sulina"},"content":{"rendered":"\n<figure class=\"wp-block-image size-full\"><img fetchpriority=\"high\" decoding=\"async\" width=\"860\" height=\"645\" src=\"https:\/\/prefeitura.santarosa.rs.gov.br\/wp-content\/uploads\/2025\/04\/Formato-Site-e-Portal-860X645-JPG-2025-04-04T160802.823.jpg\" alt=\"\" class=\"wp-image-13436\" srcset=\"https:\/\/prefeitura.santarosa.rs.gov.br\/wp-content\/uploads\/2025\/04\/Formato-Site-e-Portal-860X645-JPG-2025-04-04T160802.823.jpg 860w, https:\/\/prefeitura.santarosa.rs.gov.br\/wp-content\/uploads\/2025\/04\/Formato-Site-e-Portal-860X645-JPG-2025-04-04T160802.823-300x225.jpg 300w, https:\/\/prefeitura.santarosa.rs.gov.br\/wp-content\/uploads\/2025\/04\/Formato-Site-e-Portal-860X645-JPG-2025-04-04T160802.823-768x576.jpg 768w\" sizes=\"(max-width: 860px) 100vw, 860px\" \/><\/figure>\n\n\n\n<p>A Prefeitura de Santa Rosa iniciou nesta semana, mais uma obra de asfalto no Bairro Sulina. As melhorias na infraestrutura ser\u00e3o realizadas na Travessa Borges de Medeiros. em um trecho total de 1.962,57 metros quadrados. O projeto inclui a conclus\u00e3o de toda a via, com investimento superior a R$ 300 mil.<\/p>\n\n\n\n<p>No local, al\u00e9m da pavimenta\u00e7\u00e3o ser\u00e3o realizados diversos servi\u00e7os complementares. Entre eles, est\u00e3o a execu\u00e7\u00e3o de drenagem pluvial, sarjeta e meio-fio em concreto, remendos profundos, nivelamento de tampas da Aegea\/Corsan, rampas de acessibilidade e a sinaliza\u00e7\u00e3o horizontal e vertical. O Prefeito Anderson Mantei destacou a import\u00e2ncia do investimento, &#8220;Estamos comprometidos em melhorar a infraestrutura de Santa Rosa com a\u00e7\u00f5es que auxiliem na mobilidade urbana. A Travessa Borges de Medeiros \u00e9 uma via de grande import\u00e2ncia para os moradores da regi\u00e3o e que agora ter\u00e1 melhores condi\u00e7\u00f5es de acesso&#8221;.<\/p>\n\n\n\n<p>O prazo para conclus\u00e3o da obra \u00e9 de 150 dias, conforme o contrato. O projeto foi uma indica\u00e7\u00e3o do vereador Jocemar Gerhardt (Kuique).<\/p>\n","protected":false},"excerpt":{"rendered":"<p>A Prefeitura de Santa Rosa iniciou nesta semana, mais uma obra de asfalto no Bairro Sulina. As melhorias na infraestrutura<\/p>\n","protected":false},"author":12,"featured_media":13437,"comment_status":"closed","ping_status":"closed","sticky":false,"template":"","format":"standard","meta":{"footnotes":""},"categories":[4,22],"tags":[],"class_list":["post-13435","post","type-post","status-publish","format-standard","has-post-thumbnail","hentry","category-noticias","category-secretaria-municipal-de-planejamento-e-habitacao"],"aioseo_notices":[],"_links":{"self":[{"href":"https:\/\/prefeitura.santarosa.rs.gov.br\/index.php?rest_route=\/wp\/v2\/posts\/13435","targetHints":{"allow":["GET"]}}],"collection":[{"href":"https:\/\/prefeitura.santarosa.rs.gov.br\/index.php?rest_route=\/wp\/v2\/posts"}],"about":[{"href":"https:\/\/prefeitura.santarosa.rs.gov.br\/index.php?rest_route=\/wp\/v2\/types\/post"}],"author":[{"embeddable":true,"href":"https:\/\/prefeitura.santarosa.rs.gov.br\/index.php?rest_route=\/wp\/v2\/users\/12"}],"replies":[{"embeddable":true,"href":"https:\/\/prefeitura.santarosa.rs.gov.br\/index.php?rest_route=%2Fwp%2Fv2%2Fcomments&post=13435"}],"version-history":[{"count":1,"href":"https:\/\/prefeitura.santarosa.rs.gov.br\/index.php?rest_route=\/wp\/v2\/posts\/13435\/revisions"}],"predecessor-version":[{"id":13438,"href":"https:\/\/prefeitura.santarosa.rs.gov.br\/index.php?rest_route=\/wp\/v2\/posts\/13435\/revisions\/13438"}],"wp:featuredmedia":[{"embeddable":true,"href":"https:\/\/prefeitura.santarosa.rs.gov.br\/index.php?rest_route=\/wp\/v2\/media\/13437"}],"wp:attachment":[{"href":"https:\/\/prefeitura.santarosa.rs.gov.br\/index.php?rest_route=%2Fwp%2Fv2%2Fmedia&parent=13435"}],"wp:term":[{"taxonomy":"category","embeddable":true,"href":"https:\/\/prefeitura.santarosa.rs.gov.br\/index.php?rest_route=%2Fwp%2Fv2%2Fcategories&post=13435"},{"taxonomy":"post_tag","embeddable":true,"href":"https:\/\/prefeitura.santarosa.rs.gov.br\/index.php?rest_route=%2Fwp%2Fv2%2Ftags&post=13435"}],"curies":[{"name":"wp","href":"https:\/\/api.w.org\/{rel}","templated":true}]}}