{"id":13431,"date":"2025-04-04T15:59:56","date_gmt":"2025-04-04T18:59:56","guid":{"rendered":"https:\/\/prefeitura.santarosa.rs.gov.br\/?p=13431"},"modified":"2025-04-04T15:59:57","modified_gmt":"2025-04-04T18:59:57","slug":"entrega-de-implementos-agricolas-na-vila-sete-de-setembro","status":"publish","type":"post","link":"https:\/\/prefeitura.santarosa.rs.gov.br\/?p=13431","title":{"rendered":"Entrega de implementos agr\u00edcolas na Vila Sete de Setembro"},"content":{"rendered":"\n<figure class=\"wp-block-image size-full\"><img fetchpriority=\"high\" decoding=\"async\" width=\"860\" height=\"645\" src=\"https:\/\/prefeitura.santarosa.rs.gov.br\/wp-content\/uploads\/2025\/04\/Formato-Site-e-Portal-860X645-JPG-2025-04-04T155703.307.jpg\" alt=\"\" class=\"wp-image-13432\" srcset=\"https:\/\/prefeitura.santarosa.rs.gov.br\/wp-content\/uploads\/2025\/04\/Formato-Site-e-Portal-860X645-JPG-2025-04-04T155703.307.jpg 860w, https:\/\/prefeitura.santarosa.rs.gov.br\/wp-content\/uploads\/2025\/04\/Formato-Site-e-Portal-860X645-JPG-2025-04-04T155703.307-300x225.jpg 300w, https:\/\/prefeitura.santarosa.rs.gov.br\/wp-content\/uploads\/2025\/04\/Formato-Site-e-Portal-860X645-JPG-2025-04-04T155703.307-768x576.jpg 768w\" sizes=\"(max-width: 860px) 100vw, 860px\" \/><\/figure>\n\n\n\n<p>Na manh\u00e3 desta sexta-feira (04), a Prefeitura de Santa Rosa realizou a entrega de dois importantes maquin\u00e1rios para os produtores da Vila Sete Setembro: uma plaina hidr\u00e1ulica e um raspador de solo. O investimento total foi de R$ 135 mil, sendo R$ 100 mil provenientes de emenda do Deputado Estadual S\u00e9rgio Peres e R$ 35 mil de contrapartida da Prefeitura. A entrega aconteceu na subprefeitura da Vila Sete, com a presen\u00e7a de autoridades e da comunidade.<\/p>\n\n\n\n<p>Os novos implementos agr\u00edcolas ficar\u00e3o alocados na subprefeitura, \u00e0 disposi\u00e7\u00e3o dos produtores que necessitarem utilizar os equipamentos. Durante o ato, o Prefeito Anderson Mantei agradeceu o apoio do Deputado Estadual S\u00e9rgio Peres, representado pelo assessor C\u00e2ndido Stasiak, &#8220;Estamos muito contentes de receber esse importante investimento em maquin\u00e1rios que v\u00e3o auxiliar, e muito, a comunidade local&#8221;.<\/p>\n\n\n\n<p>Os equipamentos foram viabilizados pelo vereador Gilberto Kr\u00fcger, durante o per\u00edodo em que atuou na C\u00e2mara de Vereadores de Santa Rosa.<\/p>\n","protected":false},"excerpt":{"rendered":"<p>Na manh\u00e3 desta sexta-feira (04), a Prefeitura de Santa Rosa realizou a entrega de dois importantes maquin\u00e1rios para os produtores<\/p>\n","protected":false},"author":12,"featured_media":13433,"comment_status":"closed","ping_status":"closed","sticky":false,"template":"","format":"standard","meta":{"footnotes":""},"categories":[4,14],"tags":[],"class_list":["post-13431","post","type-post","status-publish","format-standard","has-post-thumbnail","hentry","category-noticias","category-secretaria-municipal-de-agricultura"],"aioseo_notices":[],"_links":{"self":[{"href":"https:\/\/prefeitura.santarosa.rs.gov.br\/index.php?rest_route=\/wp\/v2\/posts\/13431","targetHints":{"allow":["GET"]}}],"collection":[{"href":"https:\/\/prefeitura.santarosa.rs.gov.br\/index.php?rest_route=\/wp\/v2\/posts"}],"about":[{"href":"https:\/\/prefeitura.santarosa.rs.gov.br\/index.php?rest_route=\/wp\/v2\/types\/post"}],"author":[{"embeddable":true,"href":"https:\/\/prefeitura.santarosa.rs.gov.br\/index.php?rest_route=\/wp\/v2\/users\/12"}],"replies":[{"embeddable":true,"href":"https:\/\/prefeitura.santarosa.rs.gov.br\/index.php?rest_route=%2Fwp%2Fv2%2Fcomments&post=13431"}],"version-history":[{"count":1,"href":"https:\/\/prefeitura.santarosa.rs.gov.br\/index.php?rest_route=\/wp\/v2\/posts\/13431\/revisions"}],"predecessor-version":[{"id":13434,"href":"https:\/\/prefeitura.santarosa.rs.gov.br\/index.php?rest_route=\/wp\/v2\/posts\/13431\/revisions\/13434"}],"wp:featuredmedia":[{"embeddable":true,"href":"https:\/\/prefeitura.santarosa.rs.gov.br\/index.php?rest_route=\/wp\/v2\/media\/13433"}],"wp:attachment":[{"href":"https:\/\/prefeitura.santarosa.rs.gov.br\/index.php?rest_route=%2Fwp%2Fv2%2Fmedia&parent=13431"}],"wp:term":[{"taxonomy":"category","embeddable":true,"href":"https:\/\/prefeitura.santarosa.rs.gov.br\/index.php?rest_route=%2Fwp%2Fv2%2Fcategories&post=13431"},{"taxonomy":"post_tag","embeddable":true,"href":"https:\/\/prefeitura.santarosa.rs.gov.br\/index.php?rest_route=%2Fwp%2Fv2%2Ftags&post=13431"}],"curies":[{"name":"wp","href":"https:\/\/api.w.org\/{rel}","templated":true}]}}