{"id":13427,"date":"2025-04-03T17:18:51","date_gmt":"2025-04-03T20:18:51","guid":{"rendered":"https:\/\/prefeitura.santarosa.rs.gov.br\/?p=13427"},"modified":"2025-04-03T17:18:52","modified_gmt":"2025-04-03T20:18:52","slug":"fumssar-retoma-fornecimento-de-oculos-para-pacientes-do-sus","status":"publish","type":"post","link":"https:\/\/prefeitura.santarosa.rs.gov.br\/?p=13427","title":{"rendered":"FUMSSAR retoma fornecimento de \u00f3culos para pacientes do SUS"},"content":{"rendered":"\n<figure class=\"wp-block-image size-full\"><img fetchpriority=\"high\" decoding=\"async\" width=\"860\" height=\"645\" src=\"https:\/\/prefeitura.santarosa.rs.gov.br\/wp-content\/uploads\/2025\/04\/Formato-Site-e-Portal-860X645-JPG-2025-04-03T171206.584.jpg\" alt=\"\" class=\"wp-image-13428\" srcset=\"https:\/\/prefeitura.santarosa.rs.gov.br\/wp-content\/uploads\/2025\/04\/Formato-Site-e-Portal-860X645-JPG-2025-04-03T171206.584.jpg 860w, https:\/\/prefeitura.santarosa.rs.gov.br\/wp-content\/uploads\/2025\/04\/Formato-Site-e-Portal-860X645-JPG-2025-04-03T171206.584-300x225.jpg 300w, https:\/\/prefeitura.santarosa.rs.gov.br\/wp-content\/uploads\/2025\/04\/Formato-Site-e-Portal-860X645-JPG-2025-04-03T171206.584-768x576.jpg 768w\" sizes=\"(max-width: 860px) 100vw, 860px\" \/><\/figure>\n\n\n\n<p>A Funda\u00e7\u00e3o Municipal de Sa\u00fade de Santa Rosa retoma, a partir desta sexta-feira, 04 de abril, o fornecimento de \u00f3culos para os pacientes do SUS. O processo de solicita\u00e7\u00e3o ser\u00e1 realizado pelo setor de protocolo da FUMSSAR, onde os interessados devem se dirigir para agendar o atendimento.<\/p>\n\n\n\n<p>Para ter acesso ao benef\u00edcio, \u00e9 necess\u00e1rio que o usu\u00e1rio tenha passado por consulta com oftalmologista via SUS, seja morador de Santa Rosa e esteja inscrito no Cad\u00danico. O atendimento estar\u00e1 dispon\u00edvel de segunda a sexta-feira, das 07h30min \u00e0s 11h e das 13h30min \u00e0s 17h. Para dar entrada no processo, \u00e9 preciso apresentar documento de identifica\u00e7\u00e3o com foto, cart\u00e3o SUS, comprovante de resid\u00eancia, receita m\u00e9dica para os \u00f3culos e comprovante de inscri\u00e7\u00e3o no Cad\u00danico. A Diretora da Rede Complementar, Adriana Peres Ulzafar, destaca que a FUMSSAR tem se organizado para atender a demanda, \u201c\u00c9 fundamental que todos os pacientes que atendam aos crit\u00e9rios se dirijam ao protocolo para dar entrada no processo, garantindo que cada um tenha acesso ao servi\u00e7o de forma r\u00e1pida e eficiente\u201d.<\/p>\n\n\n\n<p>Ap\u00f3s o processo aberto, se todos os requisitos forem cumpridos, os dados s\u00e3o registrados no sistema e o paciente recebe a autoriza\u00e7\u00e3o digital para a confec\u00e7\u00e3o dos \u00f3culos.<\/p>\n","protected":false},"excerpt":{"rendered":"<p>A Funda\u00e7\u00e3o Municipal de Sa\u00fade de Santa Rosa retoma, a partir desta sexta-feira, 04 de abril, o fornecimento de \u00f3culos<\/p>\n","protected":false},"author":12,"featured_media":13429,"comment_status":"closed","ping_status":"closed","sticky":false,"template":"","format":"standard","meta":{"footnotes":""},"categories":[4,8],"tags":[],"class_list":["post-13427","post","type-post","status-publish","format-standard","has-post-thumbnail","hentry","category-noticias","category-noticias-fumssar"],"aioseo_notices":[],"_links":{"self":[{"href":"https:\/\/prefeitura.santarosa.rs.gov.br\/index.php?rest_route=\/wp\/v2\/posts\/13427","targetHints":{"allow":["GET"]}}],"collection":[{"href":"https:\/\/prefeitura.santarosa.rs.gov.br\/index.php?rest_route=\/wp\/v2\/posts"}],"about":[{"href":"https:\/\/prefeitura.santarosa.rs.gov.br\/index.php?rest_route=\/wp\/v2\/types\/post"}],"author":[{"embeddable":true,"href":"https:\/\/prefeitura.santarosa.rs.gov.br\/index.php?rest_route=\/wp\/v2\/users\/12"}],"replies":[{"embeddable":true,"href":"https:\/\/prefeitura.santarosa.rs.gov.br\/index.php?rest_route=%2Fwp%2Fv2%2Fcomments&post=13427"}],"version-history":[{"count":1,"href":"https:\/\/prefeitura.santarosa.rs.gov.br\/index.php?rest_route=\/wp\/v2\/posts\/13427\/revisions"}],"predecessor-version":[{"id":13430,"href":"https:\/\/prefeitura.santarosa.rs.gov.br\/index.php?rest_route=\/wp\/v2\/posts\/13427\/revisions\/13430"}],"wp:featuredmedia":[{"embeddable":true,"href":"https:\/\/prefeitura.santarosa.rs.gov.br\/index.php?rest_route=\/wp\/v2\/media\/13429"}],"wp:attachment":[{"href":"https:\/\/prefeitura.santarosa.rs.gov.br\/index.php?rest_route=%2Fwp%2Fv2%2Fmedia&parent=13427"}],"wp:term":[{"taxonomy":"category","embeddable":true,"href":"https:\/\/prefeitura.santarosa.rs.gov.br\/index.php?rest_route=%2Fwp%2Fv2%2Fcategories&post=13427"},{"taxonomy":"post_tag","embeddable":true,"href":"https:\/\/prefeitura.santarosa.rs.gov.br\/index.php?rest_route=%2Fwp%2Fv2%2Ftags&post=13427"}],"curies":[{"name":"wp","href":"https:\/\/api.w.org\/{rel}","templated":true}]}}