{"id":13423,"date":"2025-04-03T17:02:39","date_gmt":"2025-04-03T20:02:39","guid":{"rendered":"https:\/\/prefeitura.santarosa.rs.gov.br\/?p=13423"},"modified":"2025-04-03T17:02:40","modified_gmt":"2025-04-03T20:02:40","slug":"refis-oportuniza-descontos-na-quitacao-de-dividas","status":"publish","type":"post","link":"https:\/\/prefeitura.santarosa.rs.gov.br\/?p=13423","title":{"rendered":"REFIS oportuniza descontos na quita\u00e7\u00e3o de d\u00edvidas"},"content":{"rendered":"\n<figure class=\"wp-block-image size-full\"><img fetchpriority=\"high\" decoding=\"async\" width=\"860\" height=\"645\" src=\"https:\/\/prefeitura.santarosa.rs.gov.br\/wp-content\/uploads\/2025\/04\/Formato-Site-e-Portal-860X645-JPG-2025-04-03T165740.849.jpg\" alt=\"\" class=\"wp-image-13424\" srcset=\"https:\/\/prefeitura.santarosa.rs.gov.br\/wp-content\/uploads\/2025\/04\/Formato-Site-e-Portal-860X645-JPG-2025-04-03T165740.849.jpg 860w, https:\/\/prefeitura.santarosa.rs.gov.br\/wp-content\/uploads\/2025\/04\/Formato-Site-e-Portal-860X645-JPG-2025-04-03T165740.849-300x225.jpg 300w, https:\/\/prefeitura.santarosa.rs.gov.br\/wp-content\/uploads\/2025\/04\/Formato-Site-e-Portal-860X645-JPG-2025-04-03T165740.849-768x576.jpg 768w\" sizes=\"(max-width: 860px) 100vw, 860px\" \/><\/figure>\n\n\n\n<p>Come\u00e7a mais um REFIS. Quem tem d\u00edvida ativa com o munic\u00edpio, agora tem a chance de quitar os valores em atraso com descontos sobre os juros e moras. A Prefeitura de Santa Rosa inicia, a partir desta quinta-feira (03\/04), o Programa Especial de Recupera\u00e7\u00e3o e Regulariza\u00e7\u00e3o de D\u00edvidas (REFIS). Institu\u00eddo pela Lei Complementar n\u00ba 208\/2025, o programa tem como objetivo promover a recupera\u00e7\u00e3o e a regulariza\u00e7\u00e3o de cr\u00e9ditos da Fazenda P\u00fablica do Munic\u00edpio, permitindo a quita\u00e7\u00e3o de d\u00edvidas com fato gerador at\u00e9 31 de dezembro de 2024. Isso abrange qualquer obriga\u00e7\u00e3o fiscal com o munic\u00edpio, de pessoa f\u00edsica ou jur\u00eddica, que tenha pend\u00eancia tribut\u00e1ria ou fiscal.<\/p>\n\n\n\n<p>O programa oferece descontos exclusivos, que variam de 80% a 100%, sobre juros e multas de mora, dependendo da condi\u00e7\u00e3o de pagamento e da soma total das d\u00edvidas do contribuinte. Para aqueles que optarem pelo pagamento parcelado em at\u00e9 12 vezes, o desconto ser\u00e1 de 80% sobre os juros e as multas. J\u00e1 para quem decidir quitar \u00e0 vista, existem duas faixas de desconto: um desconto de 90% nos juros e multa de mora, para d\u00edvidas acima de R$ 30.000,00, e 100% de desconto para d\u00edvidas de at\u00e9 R$ 30.000,00. Segundo o Secret\u00e1rio de Administra\u00e7\u00e3o e Fazenda, Maicon Zamboni, o Recupera Santa Rosa \u00e9 uma excelente oportunidade para os cidad\u00e3os regularizarem suas pend\u00eancias fiscais, com condi\u00e7\u00f5es facilitadas de pagamento, &#8220;Nosso objetivo \u00e9 permitir que os contribuintes possam se regularizar sem sobrecarregar o or\u00e7amento familiar ou empresarial&#8221;.<\/p>\n\n\n\n<p>Para ingressar no programa, os interessados devem efetuar o pagamento \u00e0 vista ou pagar a primeira parcela do acordo, caso optem pelo parcelamento. O atendimento est\u00e1 dispon\u00edvel na Fazenda Municipal, de segunda a sexta-feira, das 08h \u00e0s 11h30min e das 13h30min \u00e0s 17h. O Recupera Santa Rosa estar\u00e1 dispon\u00edvel at\u00e9 o dia 30 de dezembro ou at\u00e9 que o limite de R$ 2 milh\u00f5es em descontos seja atingido, o que ocorrer primeiro.<\/p>\n\n\n\n<p><\/p>\n","protected":false},"excerpt":{"rendered":"<p>Come\u00e7a mais um REFIS. Quem tem d\u00edvida ativa com o munic\u00edpio, agora tem a chance de quitar os valores em<\/p>\n","protected":false},"author":12,"featured_media":13425,"comment_status":"closed","ping_status":"closed","sticky":false,"template":"","format":"standard","meta":{"footnotes":""},"categories":[4,13],"tags":[],"class_list":["post-13423","post","type-post","status-publish","format-standard","has-post-thumbnail","hentry","category-noticias","category-secretaria-municipal-de-administracao-e-fazenda"],"aioseo_notices":[],"_links":{"self":[{"href":"https:\/\/prefeitura.santarosa.rs.gov.br\/index.php?rest_route=\/wp\/v2\/posts\/13423","targetHints":{"allow":["GET"]}}],"collection":[{"href":"https:\/\/prefeitura.santarosa.rs.gov.br\/index.php?rest_route=\/wp\/v2\/posts"}],"about":[{"href":"https:\/\/prefeitura.santarosa.rs.gov.br\/index.php?rest_route=\/wp\/v2\/types\/post"}],"author":[{"embeddable":true,"href":"https:\/\/prefeitura.santarosa.rs.gov.br\/index.php?rest_route=\/wp\/v2\/users\/12"}],"replies":[{"embeddable":true,"href":"https:\/\/prefeitura.santarosa.rs.gov.br\/index.php?rest_route=%2Fwp%2Fv2%2Fcomments&post=13423"}],"version-history":[{"count":1,"href":"https:\/\/prefeitura.santarosa.rs.gov.br\/index.php?rest_route=\/wp\/v2\/posts\/13423\/revisions"}],"predecessor-version":[{"id":13426,"href":"https:\/\/prefeitura.santarosa.rs.gov.br\/index.php?rest_route=\/wp\/v2\/posts\/13423\/revisions\/13426"}],"wp:featuredmedia":[{"embeddable":true,"href":"https:\/\/prefeitura.santarosa.rs.gov.br\/index.php?rest_route=\/wp\/v2\/media\/13425"}],"wp:attachment":[{"href":"https:\/\/prefeitura.santarosa.rs.gov.br\/index.php?rest_route=%2Fwp%2Fv2%2Fmedia&parent=13423"}],"wp:term":[{"taxonomy":"category","embeddable":true,"href":"https:\/\/prefeitura.santarosa.rs.gov.br\/index.php?rest_route=%2Fwp%2Fv2%2Fcategories&post=13423"},{"taxonomy":"post_tag","embeddable":true,"href":"https:\/\/prefeitura.santarosa.rs.gov.br\/index.php?rest_route=%2Fwp%2Fv2%2Ftags&post=13423"}],"curies":[{"name":"wp","href":"https:\/\/api.w.org\/{rel}","templated":true}]}}